{"id":44329,"date":"2024-07-25T07:13:09","date_gmt":"2024-07-25T07:13:09","guid":{"rendered":"https:\/\/ibima.eu\/?p=44329"},"modified":"2025-09-30T12:59:17","modified_gmt":"2025-09-30T12:59:17","slug":"pre-bit","status":"publish","type":"post","link":"https:\/\/ibima.eu\/en\/pre-bit\/","title":{"rendered":"PRE-BIT"},"content":{"rendered":"<p>[et_pb_section fb_built=\u00bb1&#8243; _builder_version=\u00bb4.25.0&#8243; _module_preset=\u00bbdefault\u00bb global_colors_info=\u00bb{}\u00bb theme_builder_area=\u00bbpost_content\u00bb][et_pb_row _builder_version=\u00bb4.25.1&#8243; _module_preset=\u00bbdefault\u00bb locked=\u00bboff\u00bb global_colors_info=\u00bb{}\u00bb theme_builder_area=\u00bbpost_content\u00bb][et_pb_column type=\u00bb4_4&#8243; _builder_version=\u00bb4.25.1&#8243; _module_preset=\u00bbdefault\u00bb global_colors_info=\u00bb{}\u00bb theme_builder_area=\u00bbpost_content\u00bb][et_pb_heading title=\u00bbUnderstanding the role of B cell phenotypes as a predictor of the efficacy and prognosis of allergen  immunotherapy using allergic rhinitis to house dust mite as a model\u00bb _builder_version=\u00bb4.27.0&#8243; _module_preset=\u00bbdefault\u00bb title_level=\u00bbh2&#8243; title_font=\u00bb||||||||\u00bb title_text_align=\u00bbcenter\u00bb title_text_color=\u00bb#0C71C3&#8243; custom_margin=\u00bb30px||||false|false\u00bb global_colors_info=\u00bb{}\u00bb theme_builder_area=\u00bbpost_content\u00bb][\/et_pb_heading][\/et_pb_column][\/et_pb_row][et_pb_row column_structure=\u00bb3_5,2_5&#8243; _builder_version=\u00bb4.25.0&#8243; _module_preset=\u00bbdefault\u00bb custom_padding=\u00bb30px||||false|false\u00bb global_colors_info=\u00bb{}\u00bb theme_builder_area=\u00bbpost_content\u00bb][et_pb_column type=\u00bb3_5&#8243; _builder_version=\u00bb4.25.0&#8243; _module_preset=\u00bbdefault\u00bb global_colors_info=\u00bb{}\u00bb theme_builder_area=\u00bbpost_content\u00bb][et_pb_text _builder_version=\u00bb4.27.4&#8243; _module_preset=\u00bbdefault\u00bb hover_enabled=\u00bb0&#8243; global_colors_info=\u00bb{}\u00bb theme_builder_area=\u00bbpost_content\u00bb sticky_enabled=\u00bb0&#8243;]<\/p>\n<p><span style=\"color: #000000;\"><strong>Financed by:<\/strong> European Union<\/span><\/p>\n<p><span style=\"color: #000000;\"><strong>Programme: H2020- Call:<\/strong><\/span> <a href=\"https:\/\/ec.europa.eu\/info\/funding-tenders\/opportunities\/portal\/screen\/opportunities\/topic-details\/horizon-msca-2022-pf-01-01\">HORIZON-MSCA-2022-PF-01-01 &#8211; MSCA Postdoctoral Fellowships 2022<\/a><\/p>\n<p><span style=\"color: #000000;\"><strong>Grant agreement ID:<\/strong> <a href=\"https:\/\/cordis.europa.eu\/project\/id\/101105416\" style=\"color: #000000;\">101105416<\/a><\/span><\/p>\n<p><span style=\"color: #000000;\"><strong>Duration:<\/strong> April 2023 &#8211; July 2025<\/span><\/p>\n<p><span style=\"color: #000000;\"><strong>Beneficiary:<\/strong> Carlos Aranda<\/span><\/p>\n<p><span style=\"color: #000000;\"><strong>Supervisor:<\/strong> Cristobalina Mayorga Mayorga<\/span><\/p>\n<p><span style=\"color: #000000;\"><strong>Implementation centre:<\/strong><\/span> <a href=\"http:\/\/www.hospitalregionaldemalaga.es\/\">Hospital Regional Universitario de M\u00e1laga<\/a><\/p>\n<p><span style=\"color: #000000;\"><strong>Research group of IBIMA involved:<\/strong><\/span><a href=\"https:\/\/ibima.eu\/es\/project\/d-04\/\"> Drug and Allergen Allergic Diseases<\/a><\/p>\n<p>[\/et_pb_text][\/et_pb_column][et_pb_column type=\u00bb2_5&#8243; _builder_version=\u00bb4.25.0&#8243; _module_preset=\u00bbdefault\u00bb global_colors_info=\u00bb{}\u00bb theme_builder_area=\u00bbpost_content\u00bb][et_pb_post_title title=\u00bboff\u00bb meta=\u00bboff\u00bb admin_label=\u00bbT\u00edtulo de publicaci\u00f3n\u00bb _builder_version=\u00bb4.27.4&#8243; _module_preset=\u00bbdefault\u00bb title_font=\u00bbArial||||||||\u00bb title_text_align=\u00bbcenter\u00bb title_text_color=\u00bb#2ea3f2&#8243; title_font_size=\u00bb35px\u00bb background_color=\u00bbRGBA(255,255,255,0)\u00bb text_orientation=\u00bbcenter\u00bb width=\u00bb58%\u00bb module_alignment=\u00bbcenter\u00bb custom_margin=\u00bb4%||1%||false|false\u00bb title_font_size_last_edited=\u00bboff|desktop\u00bb locked=\u00bboff\u00bb global_colors_info=\u00bb{}\u00bb theme_builder_area=\u00bbpost_content\u00bb][\/et_pb_post_title][\/et_pb_column][\/et_pb_row][et_pb_row _builder_version=\u00bb4.25.0&#8243; _module_preset=\u00bbdefault\u00bb custom_padding=\u00bb50px||50px||true|false\u00bb global_colors_info=\u00bb{}\u00bb theme_builder_area=\u00bbpost_content\u00bb][et_pb_column type=\u00bb4_4&#8243; _builder_version=\u00bb4.25.0&#8243; _module_preset=\u00bbdefault\u00bb global_colors_info=\u00bb{}\u00bb theme_builder_area=\u00bbpost_content\u00bb][et_pb_heading title=\u00bbABSTRACT\u00bb _builder_version=\u00bb4.25.1&#8243; _module_preset=\u00bbdefault\u00bb title_font=\u00bb||||||||\u00bb title_text_color=\u00bb#0C71C3&#8243; locked=\u00bboff\u00bb global_colors_info=\u00bb{}\u00bb theme_builder_area=\u00bbpost_content\u00bb][\/et_pb_heading][et_pb_text _builder_version=\u00bb4.27.0&#8243; _module_preset=\u00bbdefault\u00bb global_colors_info=\u00bb{}\u00bb theme_builder_area=\u00bbpost_content\u00bb]<\/p>\n<p style=\"text-align: justify;\"><span style=\"color: #000000;\">Allergic rhinitis (AR) is one of the more prevalent respiratory allergic diseases, affecting 20-30% of the global population. The inflammatory process is mediated by eosinophil infiltration and IgE secreted by plasma cells. IgE is a key component in allergies, so understanding IgE production and its inhibition is important for treating these diseases. Allergen immunotherapy (AIT) is the only treatment that targets the etiology of allergic diseases. However, the efficacy of the treatment reaches 70-80% in the best scenarios (lower for food allergy), it has a high cost, and most importantly, prediction of the effectiveness of the treatment is not possible with current biomarkers.<\/span><\/p>\n<p style=\"text-align: justify;\"><span style=\"color: #000000;\">In this proposal, the candidate seeks to better understand the phenotypes of B cells, key cells implicated in allergy that are modified with AIT. The knowledge generated by this study will provide biomarkers of AIT prognosis and even predict the outcome of the therapy by analyzing the B cell compartment in patients who are candidates for AIT.<\/span><\/p>\n<p style=\"text-align: justify;\"><span style=\"color: #000000;\">Using very innovative approaches, we will analyze the B cell repertoire involved in the resolution of AR through AIT. The B cell repertoire will be analyzed in bulk before and after AIT. In addition, antigen-specific B cells will be immortalized so the antibody sequence as well as reactivity can be studied. Moreover, we will perform an ex vivo class switch assay that could potentially predict the outcome of AIT using cytokine microenvironments like those produced by the therapy and\/or the pathogenic situations. B cell switching from IgD\/M or IgG1 to IgG2\/4 appears to be a critical step in the effectiveness of AIT because IgE memory resides in the IgG compartment. We will use AR to house dust mite patients as a model, as it is one of the most prevalent allergic diseases.<\/span><\/p>\n<p>[\/et_pb_text][\/et_pb_column][\/et_pb_row][et_pb_row _builder_version=\u00bb4.25.1&#8243; _module_preset=\u00bbdefault\u00bb min_height=\u00bb852.6px\u00bb custom_margin=\u00bb|auto|-7px|auto||\u00bb custom_padding=\u00bb26px||26px||true|false\u00bb locked=\u00bboff\u00bb global_colors_info=\u00bb{}\u00bb theme_builder_area=\u00bbpost_content\u00bb][et_pb_column type=\u00bb4_4&#8243; _builder_version=\u00bb4.25.0&#8243; _module_preset=\u00bbdefault\u00bb global_colors_info=\u00bb{}\u00bb theme_builder_area=\u00bbpost_content\u00bb][et_pb_heading title=\u00bbCommunication Actions\u00bb _builder_version=\u00bb4.25.1&#8243; _module_preset=\u00bbdefault\u00bb title_font=\u00bb||||||||\u00bb title_text_color=\u00bb#0C71C3&#8243; custom_margin=\u00bb30px||||false|false\u00bb global_colors_info=\u00bb{}\u00bb theme_builder_area=\u00bbpost_content\u00bb][\/et_pb_heading][et_pb_heading title=\u00bb\ud83c\udfa5 World Allergy Week | Interview with Dr. Carlos Aranda Clemente\u00bb _builder_version=\u00bb4.27.4&#8243; _module_preset=\u00bbdefault\u00bb title_level=\u00bbh3&#8243; title_font=\u00bb||||||||\u00bb title_text_align=\u00bbcenter\u00bb title_text_color=\u00bb#0C71C3&#8243; module_alignment=\u00bbcenter\u00bb custom_margin=\u00bb30px||||false|false\u00bb global_colors_info=\u00bb{}\u00bb theme_builder_area=\u00bbpost_content\u00bb][\/et_pb_heading][et_pb_text _builder_version=\u00bb4.27.4&#8243; _module_preset=\u00bbdefault\u00bb custom_margin=\u00bb14px||||false|false\u00bb global_colors_info=\u00bb{}\u00bb theme_builder_area=\u00bbpost_content\u00bb]<\/p>\n<p style=\"text-align: justify;\"><span style=\"color: #000000;\">To mark the start of World Allergy Week, IBIMA Plataforma BIONAND presents an interview with Dr. Carlos Aranda, Marie Sk\u0142odowska-Curie postdoctoral researcher at our institute and member of the \u201cDrug and Allergen Hypersensitivity Diseases\u201d group, led by Drs. Mar\u00eda Jos\u00e9 Torres Ja\u00e9n and Cristobalina Mayorga.<\/span><\/p>\n<p style=\"text-align: justify;\"><span style=\"color: #000000;\">With a background in inflammatory bowel disease research and immunology training in the U.S. (NYU and Mt. Sinai), Dr. Aranda now leads the EU-funded <strong>PRE-BIT<\/strong> project, aiming to better understand the role of B cells as predictors of efficacy and prognosis in allergen immunotherapy, using house dust mite allergic rhinitis as a model.<\/span><\/p>\n<p style=\"text-align: justify;\"><span style=\"color: #000000;\">Don&#8217;t miss this inspiring testimony you can find bellow<\/span><\/p>\n<p>[\/et_pb_text][et_pb_video src=\u00bbhttps:\/\/www.youtube.com\/watch?v=gJrivRoDclE\u00bb _builder_version=\u00bb4.27.4&#8243; _module_preset=\u00bbdefault\u00bb max_width=\u00bb59%\u00bb module_alignment=\u00bbcenter\u00bb custom_margin=\u00bb33px||18px||false|false\u00bb border_radii=\u00bbon|2px|2px|2px|2px\u00bb border_width_all=\u00bb4px\u00bb border_color_all=\u00bb#0C71C3&#8243; locked=\u00bboff\u00bb global_colors_info=\u00bb{}\u00bb theme_builder_area=\u00bbpost_content\u00bb][\/et_pb_video][\/et_pb_column][\/et_pb_row][et_pb_row column_structure=\u00bb1_3,1_3,1_3&#8243; _builder_version=\u00bb4.27.0&#8243; _module_preset=\u00bbdefault\u00bb module_alignment=\u00bbcenter\u00bb custom_margin=\u00bb-5px||3px||false|false\u00bb custom_padding=\u00bb0px|||||\u00bb locked=\u00bboff\u00bb global_colors_info=\u00bb{}\u00bb theme_builder_area=\u00bbpost_content\u00bb][et_pb_column type=\u00bb1_3&#8243; _builder_version=\u00bb4.25.1&#8243; _module_preset=\u00bbdefault\u00bb global_colors_info=\u00bb{}\u00bb theme_builder_area=\u00bbpost_content\u00bb][et_pb_image src=\u00bbhttps:\/\/ibima.eu\/wp-content\/uploads\/2024\/06\/Click-IG.png\u00bb title_text=\u00bbClick IG\u00bb url=\u00bbhttps:\/\/www.instagram.com\/reel\/DLPJWVypV0A\/?utm_source=ig_web_copy_link&#038;igsh=MzRlODBiNWFlZA%3D%3D\u00bb align=\u00bbcenter\u00bb _builder_version=\u00bb4.27.4&#8243; _module_preset=\u00bbdefault\u00bb min_height=\u00bb65px\u00bb height=\u00bb65px\u00bb max_height=\u00bb65px\u00bb custom_margin=\u00bb15px||||false|false\u00bb global_colors_info=\u00bb{}\u00bb theme_builder_area=\u00bbpost_content\u00bb][\/et_pb_image][\/et_pb_column][et_pb_column type=\u00bb1_3&#8243; _builder_version=\u00bb4.27.4&#8243; _module_preset=\u00bbdefault\u00bb global_colors_info=\u00bb{}\u00bb theme_builder_area=\u00bbpost_content\u00bb][et_pb_image src=\u00bbhttps:\/\/ibima.eu\/wp-content\/uploads\/2024\/06\/Click-Lkdin.png\u00bb title_text=\u00bbClick Lkdin\u00bb url=\u00bbhttps:\/\/www.linkedin.com\/feed\/update\/urn:li:activity:7342831284995391488\/\u00bb align=\u00bbcenter\u00bb _builder_version=\u00bb4.27.4&#8243; _module_preset=\u00bbdefault\u00bb module_alignment=\u00bbcenter\u00bb min_height=\u00bb65px\u00bb height=\u00bb65px\u00bb max_height=\u00bb65px\u00bb custom_margin=\u00bb15px||||false|false\u00bb global_colors_info=\u00bb{}\u00bb theme_builder_area=\u00bbpost_content\u00bb][\/et_pb_image][\/et_pb_column][et_pb_column type=\u00bb1_3&#8243; _builder_version=\u00bb4.25.1&#8243; _module_preset=\u00bbdefault\u00bb global_colors_info=\u00bb{}\u00bb theme_builder_area=\u00bbpost_content\u00bb][et_pb_image src=\u00bbhttps:\/\/ibima.eu\/wp-content\/uploads\/2024\/06\/Click-FB.png\u00bb title_text=\u00bbClick FB\u00bb url=\u00bbhttps:\/\/www.facebook.com\/Ibima.eu\/posts\/pfbid02Gq2p8q3SN8ojXPgE7rnBsJVPEVZxPcshKYouL2PLJCZT6QaSfTGkstyTaWRR9jtwl\u00bb align=\u00bbcenter\u00bb _builder_version=\u00bb4.25.1&#8243; _module_preset=\u00bbdefault\u00bb width=\u00bb100%\u00bb max_width=\u00bb100%\u00bb min_height=\u00bb65px\u00bb height=\u00bb65px\u00bb max_height=\u00bb65px\u00bb global_colors_info=\u00bb{}\u00bb theme_builder_area=\u00bbpost_content\u00bb][\/et_pb_image][\/et_pb_column][\/et_pb_row][et_pb_row _builder_version=\u00bb4.25.1&#8243; _module_preset=\u00bbdefault\u00bb min_height=\u00bb852.6px\u00bb custom_padding=\u00bb0px||0px||true|false\u00bb locked=\u00bboff\u00bb global_colors_info=\u00bb{}\u00bb theme_builder_area=\u00bbpost_content\u00bb][et_pb_column type=\u00bb4_4&#8243; _builder_version=\u00bb4.25.0&#8243; _module_preset=\u00bbdefault\u00bb global_colors_info=\u00bb{}\u00bb theme_builder_area=\u00bbpost_content\u00bb][et_pb_heading title=\u00bbParticipation of Dr Carlos Aranda in European Researchers\u2019 Night 2023&#8243; _builder_version=\u00bb4.27.4&#8243; _module_preset=\u00bbdefault\u00bb title_level=\u00bbh3&#8243; title_font=\u00bb||||||||\u00bb title_text_align=\u00bbcenter\u00bb title_text_color=\u00bb#0C71C3&#8243; module_alignment=\u00bbcenter\u00bb custom_margin=\u00bb43px||||false|false\u00bb global_colors_info=\u00bb{}\u00bb theme_builder_area=\u00bbpost_content\u00bb][\/et_pb_heading][et_pb_text _builder_version=\u00bb4.25.1&#8243; _module_preset=\u00bbdefault\u00bb custom_margin=\u00bb14px||||false|false\u00bb global_colors_info=\u00bb{}\u00bb theme_builder_area=\u00bbpost_content\u00bb]<\/p>\n<p><span style=\"color: #000000;\">\ud83d\udd2c On September 29th 2023, Dr. Cecilia Frecha, showcased their groundbreaking research at \u2018The European Researchers\u2019 Night\u2019 in M\u00e1laga using gamification techniques to make biomedical science engaging for everyone. \ud83c\udfae<\/span><\/p>\n<p><span style=\"color: #000000;\">Check how it was clicking on any of our social media profiles<\/span><\/p>\n<p>[\/et_pb_text][et_pb_image src=\u00bbhttps:\/\/ibima.eu\/wp-content\/uploads\/2024\/06\/Participation-of-Dr-Cecilia-Frecha-in-European-Researchers-Night-2023-Cecilia.jpeg\u00bb title_text=\u00bbParticipation of Dr Cecilia Frecha in European Researchers\u2019 Night 2023 Cecilia\u00bb align=\u00bbcenter\u00bb _builder_version=\u00bb4.27.0&#8243; _module_preset=\u00bbdefault\u00bb max_width=\u00bb54%\u00bb module_alignment=\u00bbcenter\u00bb max_height=\u00bb864px\u00bb custom_margin=\u00bb24px||-16px||false|false\u00bb border_radii=\u00bbon|5px|5px|5px|5px\u00bb border_width_all=\u00bb4px\u00bb border_color_all=\u00bb#0C71C3&#8243; global_colors_info=\u00bb{}\u00bb theme_builder_area=\u00bbpost_content\u00bb][\/et_pb_image][\/et_pb_column][\/et_pb_row][et_pb_row column_structure=\u00bb1_2,1_2&#8243; _builder_version=\u00bb4.27.0&#8243; _module_preset=\u00bbdefault\u00bb module_alignment=\u00bbcenter\u00bb custom_margin=\u00bb-5px||3px||false|false\u00bb locked=\u00bboff\u00bb global_colors_info=\u00bb{}\u00bb theme_builder_area=\u00bbpost_content\u00bb][et_pb_column type=\u00bb1_2&#8243; _builder_version=\u00bb4.25.1&#8243; _module_preset=\u00bbdefault\u00bb global_colors_info=\u00bb{}\u00bb theme_builder_area=\u00bbpost_content\u00bb][et_pb_image src=\u00bbhttps:\/\/ibima.eu\/wp-content\/uploads\/2024\/06\/Click-Twitter.png\u00bb title_text=\u00bbClick Twitter\u00bb url=\u00bbhttps:\/\/x.com\/_ibima\/status\/1709543680296603768&#8243; align=\u00bbcenter\u00bb _builder_version=\u00bb4.25.1&#8243; _module_preset=\u00bbdefault\u00bb min_height=\u00bb65px\u00bb height=\u00bb65px\u00bb max_height=\u00bb65px\u00bb global_colors_info=\u00bb{}\u00bb theme_builder_area=\u00bbpost_content\u00bb][\/et_pb_image][et_pb_image src=\u00bbhttps:\/\/ibima.eu\/wp-content\/uploads\/2024\/06\/Click-IG.png\u00bb title_text=\u00bbClick IG\u00bb url=\u00bbhttps:\/\/www.instagram.com\/p\/Cx-eJiXIZqS\/?igshid=MWZjMTM2ODFkZg%3D%3D\u00bb align=\u00bbcenter\u00bb _builder_version=\u00bb4.25.1&#8243; _module_preset=\u00bbdefault\u00bb min_height=\u00bb65px\u00bb height=\u00bb65px\u00bb max_height=\u00bb65px\u00bb custom_margin=\u00bb15px||||false|false\u00bb global_colors_info=\u00bb{}\u00bb theme_builder_area=\u00bbpost_content\u00bb][\/et_pb_image][\/et_pb_column][et_pb_column type=\u00bb1_2&#8243; _builder_version=\u00bb4.25.1&#8243; _module_preset=\u00bbdefault\u00bb global_colors_info=\u00bb{}\u00bb theme_builder_area=\u00bbpost_content\u00bb][et_pb_image src=\u00bbhttps:\/\/ibima.eu\/wp-content\/uploads\/2024\/06\/Click-FB.png\u00bb title_text=\u00bbClick FB\u00bb url=\u00bbhttps:\/\/www.facebook.com\/Ibima.eu\/posts\/pfbid02Gq2p8q3SN8ojXPgE7rnBsJVPEVZxPcshKYouL2PLJCZT6QaSfTGkstyTaWRR9jtwl\u00bb align=\u00bbcenter\u00bb _builder_version=\u00bb4.25.1&#8243; _module_preset=\u00bbdefault\u00bb width=\u00bb100%\u00bb max_width=\u00bb100%\u00bb min_height=\u00bb65px\u00bb height=\u00bb65px\u00bb max_height=\u00bb65px\u00bb global_colors_info=\u00bb{}\u00bb theme_builder_area=\u00bbpost_content\u00bb][\/et_pb_image][et_pb_image src=\u00bbhttps:\/\/ibima.eu\/wp-content\/uploads\/2024\/06\/Click-Lkdin.png\u00bb title_text=\u00bbClick Lkdin\u00bb url=\u00bbhttps:\/\/www.linkedin.com\/feed\/update\/urn:li:activity:7115307903661543424\/\u00bb align=\u00bbcenter\u00bb _builder_version=\u00bb4.25.1&#8243; _module_preset=\u00bbdefault\u00bb module_alignment=\u00bbcenter\u00bb min_height=\u00bb65px\u00bb height=\u00bb65px\u00bb max_height=\u00bb65px\u00bb custom_margin=\u00bb15px||||false|false\u00bb global_colors_info=\u00bb{}\u00bb theme_builder_area=\u00bbpost_content\u00bb][\/et_pb_image][\/et_pb_column][\/et_pb_row][\/et_pb_section]<\/p>\n","protected":false},"excerpt":{"rendered":"<p>Financed by: European Union Programme: H2020- Call: HORIZON-MSCA-2022-PF-01-01 &#8211; MSCA Postdoctoral Fellowships 2022 Grant agreement ID: 101105416 Duration: April 2023 &#8211; July 2025 Beneficiary: Carlos Aranda Supervisor: Cristobalina Mayorga Mayorga Implementation centre: Hospital Regional Universitario de M\u00e1laga Research group of IBIMA involved: Drug and Allergen Allergic DiseasesAllergic rhinitis (AR) is one of the more prevalent [&hellip;]<\/p>\n","protected":false},"author":2,"featured_media":51106,"comment_status":"open","ping_status":"closed","sticky":false,"template":"","format":"standard","meta":{"_acf_changed":false,"_et_pb_use_builder":"on","_et_pb_old_content":"","_et_gb_content_width":"","footnotes":""},"categories":[2191],"tags":[],"class_list":["post-44329","post","type-post","status-publish","format-standard","has-post-thumbnail","hentry","category-proyectos-de-investigacion"],"acf":[],"yoast_head":"<!-- This site is optimized with the Yoast SEO plugin v27.4 - https:\/\/yoast.com\/product\/yoast-seo-wordpress\/ -->\n<title>PRE-BIT - Ibima<\/title>\n<meta name=\"robots\" content=\"index, follow, max-snippet:-1, max-image-preview:large, max-video-preview:-1\" \/>\n<link rel=\"canonical\" href=\"https:\/\/ibima.eu\/en\/pre-bit\/\" \/>\n<meta property=\"og:locale\" content=\"en_GB\" \/>\n<meta property=\"og:type\" content=\"article\" \/>\n<meta property=\"og:title\" content=\"PRE-BIT - Ibima\" \/>\n<meta property=\"og:description\" content=\"Financed by: European Union Programme: H2020- Call: HORIZON-MSCA-2022-PF-01-01 - MSCA Postdoctoral Fellowships 2022 Grant agreement ID: 101105416 Duration: April 2023 - July 2025 Beneficiary: Carlos Aranda Supervisor: Cristobalina Mayorga Mayorga Implementation centre: Hospital Regional Universitario de M\u00e1laga Research group of IBIMA involved: Drug and Allergen Allergic DiseasesAllergic rhinitis (AR) is one of the more prevalent [&hellip;]\" \/>\n<meta property=\"og:url\" content=\"https:\/\/ibima.eu\/en\/pre-bit\/\" \/>\n<meta property=\"og:site_name\" content=\"Ibima\" \/>\n<meta property=\"article:published_time\" content=\"2024-07-25T07:13:09+00:00\" \/>\n<meta property=\"article:modified_time\" content=\"2025-09-30T12:59:17+00:00\" \/>\n<meta property=\"og:image\" content=\"https:\/\/ibima.eu\/wp-content\/uploads\/2024\/07\/Logo_PRE-BIT_2.jpeg\" \/>\n\t<meta property=\"og:image:width\" content=\"639\" \/>\n\t<meta property=\"og:image:height\" content=\"630\" \/>\n\t<meta property=\"og:image:type\" content=\"image\/jpeg\" \/>\n<meta name=\"author\" content=\"prodriguez\" \/>\n<meta name=\"twitter:card\" content=\"summary_large_image\" \/>\n<meta name=\"twitter:label1\" content=\"Written by\" \/>\n\t<meta name=\"twitter:data1\" content=\"prodriguez\" \/>\n\t<meta name=\"twitter:label2\" content=\"Estimated reading time\" \/>\n\t<meta name=\"twitter:data2\" content=\"4 minutes\" \/>\n<script type=\"application\/ld+json\" class=\"yoast-schema-graph\">{\"@context\":\"https:\\\/\\\/schema.org\",\"@graph\":[{\"@type\":\"Article\",\"@id\":\"https:\\\/\\\/ibima.eu\\\/es\\\/pre-bit\\\/#article\",\"isPartOf\":{\"@id\":\"https:\\\/\\\/ibima.eu\\\/es\\\/pre-bit\\\/\"},\"author\":{\"name\":\"prodriguez\",\"@id\":\"https:\\\/\\\/ibima.eu\\\/es\\\/#\\\/schema\\\/person\\\/40b410344dd5ad2315bb651e3fbfa635\"},\"headline\":\"PRE-BIT\",\"datePublished\":\"2024-07-25T07:13:09+00:00\",\"dateModified\":\"2025-09-30T12:59:17+00:00\",\"mainEntityOfPage\":{\"@id\":\"https:\\\/\\\/ibima.eu\\\/es\\\/pre-bit\\\/\"},\"wordCount\":1876,\"commentCount\":0,\"image\":{\"@id\":\"https:\\\/\\\/ibima.eu\\\/es\\\/pre-bit\\\/#primaryimage\"},\"thumbnailUrl\":\"https:\\\/\\\/ibima.eu\\\/wp-content\\\/uploads\\\/2024\\\/07\\\/Logo_PRE-BIT_2.jpeg\",\"articleSection\":[\"Proyectos de Investigaci\u00f3n\"],\"inLanguage\":\"en-GB\",\"potentialAction\":[{\"@type\":\"CommentAction\",\"name\":\"Comment\",\"target\":[\"https:\\\/\\\/ibima.eu\\\/es\\\/pre-bit\\\/#respond\"]}]},{\"@type\":\"WebPage\",\"@id\":\"https:\\\/\\\/ibima.eu\\\/es\\\/pre-bit\\\/\",\"url\":\"https:\\\/\\\/ibima.eu\\\/es\\\/pre-bit\\\/\",\"name\":\"PRE-BIT - Ibima\",\"isPartOf\":{\"@id\":\"https:\\\/\\\/ibima.eu\\\/es\\\/#website\"},\"primaryImageOfPage\":{\"@id\":\"https:\\\/\\\/ibima.eu\\\/es\\\/pre-bit\\\/#primaryimage\"},\"image\":{\"@id\":\"https:\\\/\\\/ibima.eu\\\/es\\\/pre-bit\\\/#primaryimage\"},\"thumbnailUrl\":\"https:\\\/\\\/ibima.eu\\\/wp-content\\\/uploads\\\/2024\\\/07\\\/Logo_PRE-BIT_2.jpeg\",\"datePublished\":\"2024-07-25T07:13:09+00:00\",\"dateModified\":\"2025-09-30T12:59:17+00:00\",\"author\":{\"@id\":\"https:\\\/\\\/ibima.eu\\\/es\\\/#\\\/schema\\\/person\\\/40b410344dd5ad2315bb651e3fbfa635\"},\"breadcrumb\":{\"@id\":\"https:\\\/\\\/ibima.eu\\\/es\\\/pre-bit\\\/#breadcrumb\"},\"inLanguage\":\"en-GB\",\"potentialAction\":[{\"@type\":\"ReadAction\",\"target\":[\"https:\\\/\\\/ibima.eu\\\/es\\\/pre-bit\\\/\"]}]},{\"@type\":\"ImageObject\",\"inLanguage\":\"en-GB\",\"@id\":\"https:\\\/\\\/ibima.eu\\\/es\\\/pre-bit\\\/#primaryimage\",\"url\":\"https:\\\/\\\/ibima.eu\\\/wp-content\\\/uploads\\\/2024\\\/07\\\/Logo_PRE-BIT_2.jpeg\",\"contentUrl\":\"https:\\\/\\\/ibima.eu\\\/wp-content\\\/uploads\\\/2024\\\/07\\\/Logo_PRE-BIT_2.jpeg\",\"width\":639,\"height\":630,\"caption\":\"Logo_PRE-BIT_2\"},{\"@type\":\"BreadcrumbList\",\"@id\":\"https:\\\/\\\/ibima.eu\\\/es\\\/pre-bit\\\/#breadcrumb\",\"itemListElement\":[{\"@type\":\"ListItem\",\"position\":1,\"name\":\"Portada\",\"item\":\"https:\\\/\\\/ibima.eu\\\/es\\\/\"},{\"@type\":\"ListItem\",\"position\":2,\"name\":\"PRE-BIT\"}]},{\"@type\":\"WebSite\",\"@id\":\"https:\\\/\\\/ibima.eu\\\/es\\\/#website\",\"url\":\"https:\\\/\\\/ibima.eu\\\/es\\\/\",\"name\":\"Ibima\",\"description\":\"\",\"potentialAction\":[{\"@type\":\"SearchAction\",\"target\":{\"@type\":\"EntryPoint\",\"urlTemplate\":\"https:\\\/\\\/ibima.eu\\\/es\\\/?s={search_term_string}\"},\"query-input\":{\"@type\":\"PropertyValueSpecification\",\"valueRequired\":true,\"valueName\":\"search_term_string\"}}],\"inLanguage\":\"en-GB\"},{\"@type\":\"Person\",\"@id\":\"https:\\\/\\\/ibima.eu\\\/es\\\/#\\\/schema\\\/person\\\/40b410344dd5ad2315bb651e3fbfa635\",\"name\":\"prodriguez\",\"image\":{\"@type\":\"ImageObject\",\"inLanguage\":\"en-GB\",\"@id\":\"https:\\\/\\\/secure.gravatar.com\\\/avatar\\\/3e682b55f425f54644efd95284b890bfd6e129cc61dd791a9d4345ce1ed26791?s=96&d=mm&r=g\",\"url\":\"https:\\\/\\\/secure.gravatar.com\\\/avatar\\\/3e682b55f425f54644efd95284b890bfd6e129cc61dd791a9d4345ce1ed26791?s=96&d=mm&r=g\",\"contentUrl\":\"https:\\\/\\\/secure.gravatar.com\\\/avatar\\\/3e682b55f425f54644efd95284b890bfd6e129cc61dd791a9d4345ce1ed26791?s=96&d=mm&r=g\",\"caption\":\"prodriguez\"},\"sameAs\":[\"https:\\\/\\\/ibima.eu\"],\"url\":\"https:\\\/\\\/ibima.eu\\\/en\\\/author\\\/prodriguez\\\/\"}]}<\/script>\n<!-- \/ Yoast SEO plugin. -->","yoast_head_json":{"title":"PRE-BIT - Ibima","robots":{"index":"index","follow":"follow","max-snippet":"max-snippet:-1","max-image-preview":"max-image-preview:large","max-video-preview":"max-video-preview:-1"},"canonical":"https:\/\/ibima.eu\/en\/pre-bit\/","og_locale":"en_GB","og_type":"article","og_title":"PRE-BIT - Ibima","og_description":"Financed by: European Union Programme: H2020- Call: HORIZON-MSCA-2022-PF-01-01 - MSCA Postdoctoral Fellowships 2022 Grant agreement ID: 101105416 Duration: April 2023 - July 2025 Beneficiary: Carlos Aranda Supervisor: Cristobalina Mayorga Mayorga Implementation centre: Hospital Regional Universitario de M\u00e1laga Research group of IBIMA involved: Drug and Allergen Allergic DiseasesAllergic rhinitis (AR) is one of the more prevalent [&hellip;]","og_url":"https:\/\/ibima.eu\/en\/pre-bit\/","og_site_name":"Ibima","article_published_time":"2024-07-25T07:13:09+00:00","article_modified_time":"2025-09-30T12:59:17+00:00","og_image":[{"width":639,"height":630,"url":"https:\/\/ibima.eu\/wp-content\/uploads\/2024\/07\/Logo_PRE-BIT_2.jpeg","type":"image\/jpeg"}],"author":"prodriguez","twitter_card":"summary_large_image","twitter_misc":{"Written by":"prodriguez","Estimated reading time":"4 minutes"},"schema":{"@context":"https:\/\/schema.org","@graph":[{"@type":"Article","@id":"https:\/\/ibima.eu\/es\/pre-bit\/#article","isPartOf":{"@id":"https:\/\/ibima.eu\/es\/pre-bit\/"},"author":{"name":"prodriguez","@id":"https:\/\/ibima.eu\/es\/#\/schema\/person\/40b410344dd5ad2315bb651e3fbfa635"},"headline":"PRE-BIT","datePublished":"2024-07-25T07:13:09+00:00","dateModified":"2025-09-30T12:59:17+00:00","mainEntityOfPage":{"@id":"https:\/\/ibima.eu\/es\/pre-bit\/"},"wordCount":1876,"commentCount":0,"image":{"@id":"https:\/\/ibima.eu\/es\/pre-bit\/#primaryimage"},"thumbnailUrl":"https:\/\/ibima.eu\/wp-content\/uploads\/2024\/07\/Logo_PRE-BIT_2.jpeg","articleSection":["Proyectos de Investigaci\u00f3n"],"inLanguage":"en-GB","potentialAction":[{"@type":"CommentAction","name":"Comment","target":["https:\/\/ibima.eu\/es\/pre-bit\/#respond"]}]},{"@type":"WebPage","@id":"https:\/\/ibima.eu\/es\/pre-bit\/","url":"https:\/\/ibima.eu\/es\/pre-bit\/","name":"PRE-BIT - Ibima","isPartOf":{"@id":"https:\/\/ibima.eu\/es\/#website"},"primaryImageOfPage":{"@id":"https:\/\/ibima.eu\/es\/pre-bit\/#primaryimage"},"image":{"@id":"https:\/\/ibima.eu\/es\/pre-bit\/#primaryimage"},"thumbnailUrl":"https:\/\/ibima.eu\/wp-content\/uploads\/2024\/07\/Logo_PRE-BIT_2.jpeg","datePublished":"2024-07-25T07:13:09+00:00","dateModified":"2025-09-30T12:59:17+00:00","author":{"@id":"https:\/\/ibima.eu\/es\/#\/schema\/person\/40b410344dd5ad2315bb651e3fbfa635"},"breadcrumb":{"@id":"https:\/\/ibima.eu\/es\/pre-bit\/#breadcrumb"},"inLanguage":"en-GB","potentialAction":[{"@type":"ReadAction","target":["https:\/\/ibima.eu\/es\/pre-bit\/"]}]},{"@type":"ImageObject","inLanguage":"en-GB","@id":"https:\/\/ibima.eu\/es\/pre-bit\/#primaryimage","url":"https:\/\/ibima.eu\/wp-content\/uploads\/2024\/07\/Logo_PRE-BIT_2.jpeg","contentUrl":"https:\/\/ibima.eu\/wp-content\/uploads\/2024\/07\/Logo_PRE-BIT_2.jpeg","width":639,"height":630,"caption":"Logo_PRE-BIT_2"},{"@type":"BreadcrumbList","@id":"https:\/\/ibima.eu\/es\/pre-bit\/#breadcrumb","itemListElement":[{"@type":"ListItem","position":1,"name":"Portada","item":"https:\/\/ibima.eu\/es\/"},{"@type":"ListItem","position":2,"name":"PRE-BIT"}]},{"@type":"WebSite","@id":"https:\/\/ibima.eu\/es\/#website","url":"https:\/\/ibima.eu\/es\/","name":"Ibima","description":"","potentialAction":[{"@type":"SearchAction","target":{"@type":"EntryPoint","urlTemplate":"https:\/\/ibima.eu\/es\/?s={search_term_string}"},"query-input":{"@type":"PropertyValueSpecification","valueRequired":true,"valueName":"search_term_string"}}],"inLanguage":"en-GB"},{"@type":"Person","@id":"https:\/\/ibima.eu\/es\/#\/schema\/person\/40b410344dd5ad2315bb651e3fbfa635","name":"prodriguez","image":{"@type":"ImageObject","inLanguage":"en-GB","@id":"https:\/\/secure.gravatar.com\/avatar\/3e682b55f425f54644efd95284b890bfd6e129cc61dd791a9d4345ce1ed26791?s=96&d=mm&r=g","url":"https:\/\/secure.gravatar.com\/avatar\/3e682b55f425f54644efd95284b890bfd6e129cc61dd791a9d4345ce1ed26791?s=96&d=mm&r=g","contentUrl":"https:\/\/secure.gravatar.com\/avatar\/3e682b55f425f54644efd95284b890bfd6e129cc61dd791a9d4345ce1ed26791?s=96&d=mm&r=g","caption":"prodriguez"},"sameAs":["https:\/\/ibima.eu"],"url":"https:\/\/ibima.eu\/en\/author\/prodriguez\/"}]}},"_links":{"self":[{"href":"https:\/\/ibima.eu\/en\/wp-json\/wp\/v2\/posts\/44329","targetHints":{"allow":["GET"]}}],"collection":[{"href":"https:\/\/ibima.eu\/en\/wp-json\/wp\/v2\/posts"}],"about":[{"href":"https:\/\/ibima.eu\/en\/wp-json\/wp\/v2\/types\/post"}],"author":[{"embeddable":true,"href":"https:\/\/ibima.eu\/en\/wp-json\/wp\/v2\/users\/2"}],"replies":[{"embeddable":true,"href":"https:\/\/ibima.eu\/en\/wp-json\/wp\/v2\/comments?post=44329"}],"version-history":[{"count":18,"href":"https:\/\/ibima.eu\/en\/wp-json\/wp\/v2\/posts\/44329\/revisions"}],"predecessor-version":[{"id":57706,"href":"https:\/\/ibima.eu\/en\/wp-json\/wp\/v2\/posts\/44329\/revisions\/57706"}],"wp:featuredmedia":[{"embeddable":true,"href":"https:\/\/ibima.eu\/en\/wp-json\/wp\/v2\/media\/51106"}],"wp:attachment":[{"href":"https:\/\/ibima.eu\/en\/wp-json\/wp\/v2\/media?parent=44329"}],"wp:term":[{"taxonomy":"category","embeddable":true,"href":"https:\/\/ibima.eu\/en\/wp-json\/wp\/v2\/categories?post=44329"},{"taxonomy":"post_tag","embeddable":true,"href":"https:\/\/ibima.eu\/en\/wp-json\/wp\/v2\/tags?post=44329"}],"curies":[{"name":"wp","href":"https:\/\/api.w.org\/{rel}","templated":true}]}}