{"id":56477,"date":"2023-01-01T00:00:00","date_gmt":"2023-01-01T00:00:00","guid":{"rendered":"https:\/\/ibima.eu\/disfuncion-glial-y-enfermedad-de-alzheimer\/"},"modified":"2025-07-31T07:06:28","modified_gmt":"2025-07-31T07:06:28","slug":"disfuncion-glial-y-enfermedad-de-alzheimer","status":"publish","type":"post","link":"https:\/\/ibima.eu\/en\/disfuncion-glial-y-enfermedad-de-alzheimer\/","title":{"rendered":"Disfunci\u00f3n glial y enfermedad de Alzheimer"},"content":{"rendered":"<p>ANTONIA GUTI\u00c9RREZ P\u00c9REZ &#8211;  &#8211; LOCAL &#8211; Universidad de M\u00e1laga &#8211; 2023<\/p>","protected":false},"excerpt":{"rendered":"<p>ANTONIA GUTI\u00c9RREZ P\u00c9REZ &#8211; &#8211; LOCAL &#8211; Universidad de M\u00e1laga &#8211; 2023<\/p>","protected":false},"author":2,"featured_media":0,"comment_status":"open","ping_status":"closed","sticky":false,"template":"","format":"standard","meta":{"_acf_changed":false,"_et_pb_use_builder":"","_et_pb_old_content":"","_et_gb_content_width":"","footnotes":""},"categories":[2309,1529],"tags":[],"class_list":["post-56477","post","type-post","status-publish","format-standard","hentry","category-proyectos","category-proyectos-c-09"],"acf":[],"yoast_head":"<!-- This site is optimized with the Yoast SEO plugin v27.4 - https:\/\/yoast.com\/product\/yoast-seo-wordpress\/ -->\n<title>Disfunci\u00f3n glial y enfermedad de Alzheimer - Ibima<\/title>\n<meta name=\"robots\" content=\"index, follow, max-snippet:-1, max-image-preview:large, max-video-preview:-1\" \/>\n<link rel=\"canonical\" href=\"https:\/\/ibima.eu\/en\/disfuncion-glial-y-enfermedad-de-alzheimer\/\" \/>\n<meta property=\"og:locale\" content=\"en_GB\" \/>\n<meta property=\"og:type\" content=\"article\" \/>\n<meta property=\"og:title\" content=\"Disfunci\u00f3n glial y enfermedad de Alzheimer - Ibima\" \/>\n<meta property=\"og:description\" content=\"ANTONIA GUTI\u00c9RREZ P\u00c9REZ &#8211; &#8211; LOCAL &#8211; Universidad de M\u00e1laga &#8211; 2023\" \/>\n<meta property=\"og:url\" content=\"https:\/\/ibima.eu\/en\/disfuncion-glial-y-enfermedad-de-alzheimer\/\" \/>\n<meta property=\"og:site_name\" content=\"Ibima\" \/>\n<meta property=\"article:published_time\" content=\"2023-01-01T00:00:00+00:00\" \/>\n<meta property=\"article:modified_time\" content=\"2025-07-31T07:06:28+00:00\" \/>\n<meta name=\"author\" content=\"prodriguez\" \/>\n<meta name=\"twitter:card\" content=\"summary_large_image\" \/>\n<meta name=\"twitter:label1\" content=\"Written by\" \/>\n\t<meta name=\"twitter:data1\" content=\"prodriguez\" \/>\n<script type=\"application\/ld+json\" class=\"yoast-schema-graph\">{\"@context\":\"https:\\\/\\\/schema.org\",\"@graph\":[{\"@type\":\"Article\",\"@id\":\"https:\\\/\\\/ibima.eu\\\/disfuncion-glial-y-enfermedad-de-alzheimer\\\/#article\",\"isPartOf\":{\"@id\":\"https:\\\/\\\/ibima.eu\\\/disfuncion-glial-y-enfermedad-de-alzheimer\\\/\"},\"author\":{\"name\":\"prodriguez\",\"@id\":\"https:\\\/\\\/ibima.eu\\\/es\\\/#\\\/schema\\\/person\\\/40b410344dd5ad2315bb651e3fbfa635\"},\"headline\":\"Disfunci\u00f3n glial y enfermedad de Alzheimer\",\"datePublished\":\"2023-01-01T00:00:00+00:00\",\"dateModified\":\"2025-07-31T07:06:28+00:00\",\"mainEntityOfPage\":{\"@id\":\"https:\\\/\\\/ibima.eu\\\/disfuncion-glial-y-enfermedad-de-alzheimer\\\/\"},\"wordCount\":21,\"commentCount\":0,\"articleSection\":[\"Proyectos\",\"Proyectos - C-09\"],\"inLanguage\":\"en-GB\",\"potentialAction\":[{\"@type\":\"CommentAction\",\"name\":\"Comment\",\"target\":[\"https:\\\/\\\/ibima.eu\\\/disfuncion-glial-y-enfermedad-de-alzheimer\\\/#respond\"]}]},{\"@type\":\"WebPage\",\"@id\":\"https:\\\/\\\/ibima.eu\\\/disfuncion-glial-y-enfermedad-de-alzheimer\\\/\",\"url\":\"https:\\\/\\\/ibima.eu\\\/disfuncion-glial-y-enfermedad-de-alzheimer\\\/\",\"name\":\"Disfunci\u00f3n glial y enfermedad de Alzheimer - Ibima\",\"isPartOf\":{\"@id\":\"https:\\\/\\\/ibima.eu\\\/es\\\/#website\"},\"datePublished\":\"2023-01-01T00:00:00+00:00\",\"dateModified\":\"2025-07-31T07:06:28+00:00\",\"author\":{\"@id\":\"https:\\\/\\\/ibima.eu\\\/es\\\/#\\\/schema\\\/person\\\/40b410344dd5ad2315bb651e3fbfa635\"},\"breadcrumb\":{\"@id\":\"https:\\\/\\\/ibima.eu\\\/disfuncion-glial-y-enfermedad-de-alzheimer\\\/#breadcrumb\"},\"inLanguage\":\"en-GB\",\"potentialAction\":[{\"@type\":\"ReadAction\",\"target\":[\"https:\\\/\\\/ibima.eu\\\/disfuncion-glial-y-enfermedad-de-alzheimer\\\/\"]}]},{\"@type\":\"BreadcrumbList\",\"@id\":\"https:\\\/\\\/ibima.eu\\\/disfuncion-glial-y-enfermedad-de-alzheimer\\\/#breadcrumb\",\"itemListElement\":[{\"@type\":\"ListItem\",\"position\":1,\"name\":\"Portada\",\"item\":\"https:\\\/\\\/ibima.eu\\\/es\\\/\"},{\"@type\":\"ListItem\",\"position\":2,\"name\":\"Disfunci\u00f3n glial y enfermedad de Alzheimer\"}]},{\"@type\":\"WebSite\",\"@id\":\"https:\\\/\\\/ibima.eu\\\/es\\\/#website\",\"url\":\"https:\\\/\\\/ibima.eu\\\/es\\\/\",\"name\":\"Ibima\",\"description\":\"\",\"potentialAction\":[{\"@type\":\"SearchAction\",\"target\":{\"@type\":\"EntryPoint\",\"urlTemplate\":\"https:\\\/\\\/ibima.eu\\\/es\\\/?s={search_term_string}\"},\"query-input\":{\"@type\":\"PropertyValueSpecification\",\"valueRequired\":true,\"valueName\":\"search_term_string\"}}],\"inLanguage\":\"en-GB\"},{\"@type\":\"Person\",\"@id\":\"https:\\\/\\\/ibima.eu\\\/es\\\/#\\\/schema\\\/person\\\/40b410344dd5ad2315bb651e3fbfa635\",\"name\":\"prodriguez\",\"image\":{\"@type\":\"ImageObject\",\"inLanguage\":\"en-GB\",\"@id\":\"https:\\\/\\\/secure.gravatar.com\\\/avatar\\\/3e682b55f425f54644efd95284b890bfd6e129cc61dd791a9d4345ce1ed26791?s=96&d=mm&r=g\",\"url\":\"https:\\\/\\\/secure.gravatar.com\\\/avatar\\\/3e682b55f425f54644efd95284b890bfd6e129cc61dd791a9d4345ce1ed26791?s=96&d=mm&r=g\",\"contentUrl\":\"https:\\\/\\\/secure.gravatar.com\\\/avatar\\\/3e682b55f425f54644efd95284b890bfd6e129cc61dd791a9d4345ce1ed26791?s=96&d=mm&r=g\",\"caption\":\"prodriguez\"},\"sameAs\":[\"https:\\\/\\\/ibima.eu\"],\"url\":\"https:\\\/\\\/ibima.eu\\\/en\\\/author\\\/prodriguez\\\/\"}]}<\/script>\n<!-- \/ Yoast SEO plugin. -->","yoast_head_json":{"title":"Disfunci\u00f3n glial y enfermedad de Alzheimer - Ibima","robots":{"index":"index","follow":"follow","max-snippet":"max-snippet:-1","max-image-preview":"max-image-preview:large","max-video-preview":"max-video-preview:-1"},"canonical":"https:\/\/ibima.eu\/en\/disfuncion-glial-y-enfermedad-de-alzheimer\/","og_locale":"en_GB","og_type":"article","og_title":"Disfunci\u00f3n glial y enfermedad de Alzheimer - Ibima","og_description":"ANTONIA GUTI\u00c9RREZ P\u00c9REZ &#8211; &#8211; LOCAL &#8211; Universidad de M\u00e1laga &#8211; 2023","og_url":"https:\/\/ibima.eu\/en\/disfuncion-glial-y-enfermedad-de-alzheimer\/","og_site_name":"Ibima","article_published_time":"2023-01-01T00:00:00+00:00","article_modified_time":"2025-07-31T07:06:28+00:00","author":"prodriguez","twitter_card":"summary_large_image","twitter_misc":{"Written by":"prodriguez"},"schema":{"@context":"https:\/\/schema.org","@graph":[{"@type":"Article","@id":"https:\/\/ibima.eu\/disfuncion-glial-y-enfermedad-de-alzheimer\/#article","isPartOf":{"@id":"https:\/\/ibima.eu\/disfuncion-glial-y-enfermedad-de-alzheimer\/"},"author":{"name":"prodriguez","@id":"https:\/\/ibima.eu\/es\/#\/schema\/person\/40b410344dd5ad2315bb651e3fbfa635"},"headline":"Disfunci\u00f3n glial y enfermedad de Alzheimer","datePublished":"2023-01-01T00:00:00+00:00","dateModified":"2025-07-31T07:06:28+00:00","mainEntityOfPage":{"@id":"https:\/\/ibima.eu\/disfuncion-glial-y-enfermedad-de-alzheimer\/"},"wordCount":21,"commentCount":0,"articleSection":["Proyectos","Proyectos - C-09"],"inLanguage":"en-GB","potentialAction":[{"@type":"CommentAction","name":"Comment","target":["https:\/\/ibima.eu\/disfuncion-glial-y-enfermedad-de-alzheimer\/#respond"]}]},{"@type":"WebPage","@id":"https:\/\/ibima.eu\/disfuncion-glial-y-enfermedad-de-alzheimer\/","url":"https:\/\/ibima.eu\/disfuncion-glial-y-enfermedad-de-alzheimer\/","name":"Disfunci\u00f3n glial y enfermedad de Alzheimer - Ibima","isPartOf":{"@id":"https:\/\/ibima.eu\/es\/#website"},"datePublished":"2023-01-01T00:00:00+00:00","dateModified":"2025-07-31T07:06:28+00:00","author":{"@id":"https:\/\/ibima.eu\/es\/#\/schema\/person\/40b410344dd5ad2315bb651e3fbfa635"},"breadcrumb":{"@id":"https:\/\/ibima.eu\/disfuncion-glial-y-enfermedad-de-alzheimer\/#breadcrumb"},"inLanguage":"en-GB","potentialAction":[{"@type":"ReadAction","target":["https:\/\/ibima.eu\/disfuncion-glial-y-enfermedad-de-alzheimer\/"]}]},{"@type":"BreadcrumbList","@id":"https:\/\/ibima.eu\/disfuncion-glial-y-enfermedad-de-alzheimer\/#breadcrumb","itemListElement":[{"@type":"ListItem","position":1,"name":"Portada","item":"https:\/\/ibima.eu\/es\/"},{"@type":"ListItem","position":2,"name":"Disfunci\u00f3n glial y enfermedad de Alzheimer"}]},{"@type":"WebSite","@id":"https:\/\/ibima.eu\/es\/#website","url":"https:\/\/ibima.eu\/es\/","name":"Ibima","description":"","potentialAction":[{"@type":"SearchAction","target":{"@type":"EntryPoint","urlTemplate":"https:\/\/ibima.eu\/es\/?s={search_term_string}"},"query-input":{"@type":"PropertyValueSpecification","valueRequired":true,"valueName":"search_term_string"}}],"inLanguage":"en-GB"},{"@type":"Person","@id":"https:\/\/ibima.eu\/es\/#\/schema\/person\/40b410344dd5ad2315bb651e3fbfa635","name":"prodriguez","image":{"@type":"ImageObject","inLanguage":"en-GB","@id":"https:\/\/secure.gravatar.com\/avatar\/3e682b55f425f54644efd95284b890bfd6e129cc61dd791a9d4345ce1ed26791?s=96&d=mm&r=g","url":"https:\/\/secure.gravatar.com\/avatar\/3e682b55f425f54644efd95284b890bfd6e129cc61dd791a9d4345ce1ed26791?s=96&d=mm&r=g","contentUrl":"https:\/\/secure.gravatar.com\/avatar\/3e682b55f425f54644efd95284b890bfd6e129cc61dd791a9d4345ce1ed26791?s=96&d=mm&r=g","caption":"prodriguez"},"sameAs":["https:\/\/ibima.eu"],"url":"https:\/\/ibima.eu\/en\/author\/prodriguez\/"}]}},"_links":{"self":[{"href":"https:\/\/ibima.eu\/en\/wp-json\/wp\/v2\/posts\/56477","targetHints":{"allow":["GET"]}}],"collection":[{"href":"https:\/\/ibima.eu\/en\/wp-json\/wp\/v2\/posts"}],"about":[{"href":"https:\/\/ibima.eu\/en\/wp-json\/wp\/v2\/types\/post"}],"author":[{"embeddable":true,"href":"https:\/\/ibima.eu\/en\/wp-json\/wp\/v2\/users\/2"}],"replies":[{"embeddable":true,"href":"https:\/\/ibima.eu\/en\/wp-json\/wp\/v2\/comments?post=56477"}],"version-history":[{"count":1,"href":"https:\/\/ibima.eu\/en\/wp-json\/wp\/v2\/posts\/56477\/revisions"}],"predecessor-version":[{"id":56737,"href":"https:\/\/ibima.eu\/en\/wp-json\/wp\/v2\/posts\/56477\/revisions\/56737"}],"wp:attachment":[{"href":"https:\/\/ibima.eu\/en\/wp-json\/wp\/v2\/media?parent=56477"}],"wp:term":[{"taxonomy":"category","embeddable":true,"href":"https:\/\/ibima.eu\/en\/wp-json\/wp\/v2\/categories?post=56477"},{"taxonomy":"post_tag","embeddable":true,"href":"https:\/\/ibima.eu\/en\/wp-json\/wp\/v2\/tags?post=56477"}],"curies":[{"name":"wp","href":"https:\/\/api.w.org\/{rel}","templated":true}]}}