{"id":63016,"date":"2026-09-04T08:30:00","date_gmt":"2026-09-04T08:30:00","guid":{"rendered":"https:\/\/ibima.eu\/?p=63016"},"modified":"2026-09-04T11:59:02","modified_gmt":"2026-09-04T11:59:02","slug":"un-compuesto-natural-reduce-la-acumulacion-de-proteinas-daninas-y-mejora-la-memoria-en-modelos-de-alzheimer","status":"publish","type":"post","link":"https:\/\/ibima.eu\/en\/un-compuesto-natural-reduce-la-acumulacion-de-proteinas-daninas-y-mejora-la-memoria-en-modelos-de-alzheimer\/","title":{"rendered":"Un compuesto natural reduce la acumulaci\u00f3n de prote\u00ednas da\u00f1inas y mejora la memoria en modelos de alzh\u00e9imer"},"content":{"rendered":"\n[et_pb_section fb_built=\u00bb1&#8243; admin_label=\u00bbsection\u00bb _builder_version=\u00bb4.27.5&#8243; custom_margin=\u00bb2px|||||\u00bb custom_padding=\u00bb5px|||||\u00bb collapsed=\u00bboff\u00bb global_colors_info=\u00bb{}\u00bb theme_builder_area=\u00bbpost_content\u00bb][et_pb_row admin_label=\u00bbrow\u00bb _builder_version=\u00bb4.27.5&#8243; background_size=\u00bbinitial\u00bb background_position=\u00bbtop_left\u00bb background_repeat=\u00bbrepeat\u00bb custom_margin=\u00bb|auto|-134px|auto||\u00bb custom_padding=\u00bb|||30px||\u00bb global_colors_info=\u00bb{}\u00bb theme_builder_area=\u00bbpost_content\u00bb][et_pb_column type=\u00bb4_4&#8243; _builder_version=\u00bb4.16&#8243; custom_padding=\u00bb|||\u00bb global_colors_info=\u00bb{}\u00bb custom_padding__hover=\u00bb|||\u00bb theme_builder_area=\u00bbpost_content\u00bb][et_pb_text admin_label=\u00bbText\u00bb _builder_version=\u00bb4.27.7&#8243; background_size=\u00bbinitial\u00bb background_position=\u00bbtop_left\u00bb background_repeat=\u00bbrepeat\u00bb custom_margin=\u00bb-36px|||||\u00bb hover_enabled=\u00bb0&#8243; global_colors_info=\u00bb{}\u00bb theme_builder_area=\u00bbpost_content\u00bb sticky_enabled=\u00bb0&#8243;]<div class=\"noticia-entradilla-wrapper noticia-no-foto\" style=\"text-align: justify;\">\n<article class=\"text-token-text-primary w-full\" dir=\"auto\" data-testid=\"conversation-turn-2\" data-scroll-anchor=\"true\">\n<div class=\"text-base my-auto mx-auto py-5 [--thread-content-margin:--spacing(4)] @[37rem]:[--thread-content-margin:--spacing(6)] @[72rem]:[--thread-content-margin:--spacing(16)] px-(--thread-content-margin)\">\n<div class=\"[--thread-content-max-width:32rem] @[34rem]:[--thread-content-max-width:40rem] @[64rem]:[--thread-content-max-width:48rem] mx-auto flex max-w-(--thread-content-max-width) flex-1 text-base gap-4 md:gap-5 lg:gap-6 group\/turn-messages focus-visible:outline-hidden\" tabindex=\"-1\">\n<div class=\"group\/conversation-turn relative flex w-full min-w-0 flex-col agent-turn\">\n<div class=\"relative flex-col gap-1 md:gap-3\">\n<div class=\"flex max-w-full flex-col grow\">\n<div data-message-author-role=\"assistant\" data-message-id=\"56eb9572-aaa8-44eb-b818-c72cac49e43a\" dir=\"auto\" class=\"min-h-8 text-message relative flex w-full flex-col items-end gap-2 text-start break-words whitespace-normal [.text-message+&amp;]:mt-5\" data-message-model-slug=\"gpt-4o\">\n<div class=\"flex w-full flex-col gap-1 empty:hidden first:pt-[3px]\">\n<div class=\"markdown prose dark:prose-invert w-full break-words light\">\n<p><strong>El D-chiro-inositol act\u00faa de forma simult\u00e1nea sobre varios de los mecanismos implicados en la enfermedad<\/strong><\/p>\n<p>Un equipo internacional con participaci\u00f3n del Instituto de Investigaci\u00f3n Biom\u00e9dica de M\u00e1laga y Plataforma en Nanomedicina (IBIMA Plataforma BIONAND) y la Universidad de M\u00e1laga (UMA) ha identificado el potencial del D-chiro-inositol, un compuesto de origen natural, para actuar sobre varios de los mecanismos implicados en la enfermedad de Alzheimer.<\/p>\n<p>La investigaci\u00f3n, publicada en la revista cient\u00edfica <em>Biomedicine &amp; Pharmacotherapy<\/em>, demuestra en modelos celulares y animales que la administraci\u00f3n oral de este compuesto puede reducir la acumulaci\u00f3n de beta-amiloide en el hipocampo, disminuir la respuesta neuroinflamatoria y mejorar determinadas capacidades cognitivas, como la memoria de reconocimiento. El trabajo ofrece as\u00ed una nueva v\u00eda de investigaci\u00f3n frente a una enfermedad compleja en la que intervienen simult\u00e1neamente alteraciones metab\u00f3licas, inflamatorias y neuronales.<\/p>\n<p>El estudio ha contado con la participaci\u00f3n del grupo de Neuropsicofarmacolog\u00eda de IBIMA, dirigido por el investigador responsable Fernando Rodr\u00edguez de Fonseca y con Juan Su\u00e1rez como coinvestigador responsable. Tambi\u00e9n han participado la Facultad de Ciencias de la Universidad de M\u00e1laga; el Departamento de Anatom\u00eda Humana, Medicina Legal e Historia de la Ciencia de la Facultad de Medicina de la UMA; el Karolinska Institutet de Suecia y la Red Andaluza de Investigaci\u00f3n Cl\u00ednica y Traslacional en Neurolog\u00eda, NEURO-RECA.<\/p>\n<p>El desarrollo tecnol\u00f3gico de este D-chiro-inositol como candidato terap\u00e9utico lo lidera Advenion, la filial farmac\u00e9utica de la compa\u00f1\u00eda malague\u00f1a Euronutra S.L., que adem\u00e1s fabrica el compuesto. El material empleado en el estudio es un D-chiro-inositol propietario, de origen vegetal (algarroba) y estandarizado, sobre el que se realiz\u00f3 adem\u00e1s un perfilado espec\u00edfico de seguridad y farmacocin\u00e9tica. La participaci\u00f3n empresarial en el trabajo se articula a trav\u00e9s del coautor Carlos Sanjuan.<\/p>\n<p>La enfermedad de Alzheimer se caracteriza por el deterioro progresivo de la memoria y otras funciones cognitivas. Entre sus principales alteraciones se encuentran la acumulaci\u00f3n de la prote\u00edna beta-amiloide, la inflamaci\u00f3n persistente del tejido cerebral, los fallos en la comunicaci\u00f3n entre las neuronas y diferentes disfunciones metab\u00f3licas. La complejidad de estos procesos explica, en parte, las dificultades para desarrollar tratamientos eficaces centrados en una \u00fanica diana terap\u00e9utica.<\/p>\n<p>Frente a este enfoque, el D-chiro-inositol presenta una acci\u00f3n m\u00faltiple. Se trata de un compuesto relacionado con la regulaci\u00f3n de la glucosa y la se\u00f1alizaci\u00f3n de la insulina, presente de forma natural en determinados alimentos vegetales y que ya ha sido estudiado por sus propiedades metab\u00f3licas, antioxidantes y antiinflamatorias.<\/p>\n<p>Para analizar sus efectos, el equipo emple\u00f3 una estrategia experimental que combin\u00f3 neuronas procedentes de un modelo avanzado de enfermedad de Alzheimer, c\u00e9lulas humanas modificadas para producir una mayor cantidad de prote\u00edna amiloide y ratones que reproducen de manera acelerada algunas de las alteraciones caracter\u00edsticas de esta enfermedad. Un perfilado previo de seguridad y farmacocin\u00e9tica respald\u00f3 la buena tolerabilidad del compuesto y su capacidad para mejorar de forma aguda el manejo de la glucosa.<\/p>\n<p>En las neuronas, el tratamiento redujo la liberaci\u00f3n de beta-amiloide 42, considerada una de las formas m\u00e1s t\u00f3xicas de esta prote\u00edna, y favoreci\u00f3 la conservaci\u00f3n de la estructura neuronal. En las c\u00e9lulas humanas, el compuesto modul\u00f3 prote\u00ednas vinculadas a la se\u00f1alizaci\u00f3n de la insulina -como el receptor de insulina, AKT y la enzima GSK-3\u03b2- y al procesamiento de la prote\u00edna precursora amiloide, lo que apunta a una menor producci\u00f3n de fragmentos potencialmente da\u00f1inos.<\/p>\n<p>Los resultados obtenidos en los modelos animales reforzaron estas observaciones. Tras varios meses de administraci\u00f3n oral, el D-chiro-inositol estandarizado redujo la presencia de dep\u00f3sitos amiloides en determinadas zonas del hipocampo, una regi\u00f3n cerebral esencial para el aprendizaje y la memoria. Asimismo, disminuy\u00f3 la actividad de enzimas implicadas en la generaci\u00f3n de beta-amiloide y mejor\u00f3 parcialmente la actividad metab\u00f3lica de las mitocondrias, responsables de producir la energ\u00eda que necesitan las c\u00e9lulas.<\/p>\n<p>El tratamiento tambi\u00e9n moder\u00f3 la activaci\u00f3n excesiva de la microgl\u00eda -el conjunto de c\u00e9lulas inmunitarias que protege el cerebro, pero que puede contribuir al da\u00f1o neuronal cuando permanece activada de forma cr\u00f3nica-, favoreciendo su paso de un perfil reactivo a otro de vigilancia. Este efecto apunta a una capacidad del compuesto para atenuar la neuroinflamaci\u00f3n asociada a la acumulaci\u00f3n de beta-amiloide.<\/p>\n<p>Estas mejoras moleculares y celulares se tradujeron en cambios funcionales. Los animales tratados mostraron una recuperaci\u00f3n parcial de la memoria de reconocimiento y una normalizaci\u00f3n de comportamientos relacionados con la valoraci\u00f3n del riesgo, alterados en este modelo de alzh\u00e9imer.<\/p>\n<p>Los efectos fueron especialmente pronunciados en las hembras, que presentaban una mayor carga amiloide e inflamatoria antes del tratamiento. Los investigadores consideran que esta diferencia pone de relieve la importancia de incorporar el sexo como variable biol\u00f3gica en el desarrollo de futuras estrategias frente a las enfermedades neurodegenerativas.<\/p>\n<p><em>\u00abEstos resultados apuntan a que el D-chiro-inositol podr\u00eda actuar de forma simult\u00e1nea sobre varios de los mecanismos implicados en el alzh\u00e9imer, en lugar de sobre una \u00fanica diana. Se trata de una investigaci\u00f3n precl\u00ednica y ser\u00e1n necesarios m\u00e1s estudios, pero abre una v\u00eda de inter\u00e9s que merece seguir explor\u00e1ndose\u00bb<\/em>, se\u00f1ala Fernando Rodr\u00edguez de Fonseca, investigador responsable del grupo de Neuropsicofarmacolog\u00eda de IBIMA.<\/p>\n<p><em>\u00abComo brazo farmac\u00e9utico del grupo, en Advenion lideramos el desarrollo tecnol\u00f3gico de este D-chiro-inositol propietario como candidato terap\u00e9utico. Unos resultados precl\u00ednicos de este nivel, obtenidos por un equipo de primer orden, refuerzan el inter\u00e9s de seguir esa v\u00eda; nos resulta especialmente relevante la diferencia observada entre sexos\u00bb<\/em>, se\u00f1ala Carlos Sanjuan, responsable de Advenion y coautor del estudio.<\/p>\n<p>El trabajo est\u00e1 liderado por Beatriz Pacheco-S\u00e1nchez y Antonio J. L\u00f3pez-Gambero, con la supervisi\u00f3n cient\u00edfica de Juan Su\u00e1rez, Simone Tambaro y Fernando Rodr\u00edguez de Fonseca. La colaboraci\u00f3n con el Karolinska Institutet permiti\u00f3 incorporar modelos neuronales de \u00faltima generaci\u00f3n y reforzar el an\u00e1lisis de los mecanismos implicados en el procesamiento de la prote\u00edna amiloide.<\/p>\n<p>Aunque los resultados son prometedores, los autores subrayan que se trata de una investigaci\u00f3n precl\u00ednica. Por tanto, ser\u00e1n necesarios nuevos estudios para confirmar su eficacia en otros modelos, determinar los mecanismos responsables de las diferencias entre sexos y evaluar si estos beneficios pueden trasladarse de forma segura a las personas.<\/p>\n<p>En conjunto, la investigaci\u00f3n sit\u00faa al D-chiro-inositol como un candidato de inter\u00e9s para el desarrollo de estrategias que no se dirijan \u00fanicamente contra una alteraci\u00f3n concreta, sino que act\u00faen simult\u00e1neamente sobre el metabolismo cerebral, la producci\u00f3n de beta-amiloide, la inflamaci\u00f3n y la funci\u00f3n cognitiva. Su origen natural, su administraci\u00f3n oral y el perfil de seguridad observado respaldan la necesidad de seguir investigando su posible aplicaci\u00f3n frente a la enfermedad de Alzheimer.<\/p>\n<p><strong>Financiaci\u00f3n.<\/strong> El trabajo ha contado con financiaci\u00f3n de la Junta de Andaluc\u00eda -Programa Fortalece (Consejer\u00eda de Salud y Consumo) y Consejer\u00eda de Universidad, Investigaci\u00f3n e Innovaci\u00f3n- y del programa europeo ERA4Health\u2013Nutribrain (proyecto NUTRICIA, Horizonte Europa), as\u00ed como de fundaciones suecas vinculadas al Karolinska Institutet.<\/p>\n<p><strong>Referencia del art\u00edculo:<\/strong> Pacheco-S\u00e1nchez B, L\u00f3pez-Gambero AJ, Gavito AL, Rivera P, Su\u00e1rez J, Sanjuan C, Nilsson P, Tambaro S, de Fonseca FR. <em>D-chiro-inositol modulates brain insulin-related signaling and reduces amyloid burden, neuroinflammation and cognitive decline in preclinical models of Alzheimer&#8217;s disease.<\/em> Biomedicine &amp; Pharmacotherapy. 2026;201:119629. doi:10.1016\/j.biopha.2026.119629. PMID: 42308924.<\/p>\n<\/div>\n<\/div>\n<\/div>\n<\/div>\n<\/div>\n<\/div>\n<\/div>\n<\/div>\n<\/article>\n<\/div>[\/et_pb_text][\/et_pb_column][\/et_pb_row][\/et_pb_section]\n","protected":false},"excerpt":{"rendered":"<p>El D-chiro-inositol act\u00faa de forma simult\u00e1nea sobre varios de los mecanismos implicados en la enfermedad Un equipo internacional con participaci\u00f3n del Instituto de Investigaci\u00f3n Biom\u00e9dica de M\u00e1laga y Plataforma en Nanomedicina (IBIMA Plataforma BIONAND) y la Universidad de M\u00e1laga (UMA) ha identificado el potencial del D-chiro-inositol, un compuesto de origen natural, para actuar sobre varios [&hellip;]<\/p>\n","protected":false},"author":4,"featured_media":63017,"comment_status":"open","ping_status":"closed","sticky":false,"template":"noticias","format":"standard","meta":{"_acf_changed":false,"_et_pb_use_builder":"on","_et_pb_old_content":"<!-- wp:heading -->\n<h2 class=\"wp-block-heading\"><em>IBIMA Plataforma BIONAND y Plataforma en Nanomedicina se sit\u00faa como uno de los l\u00edderes en el \u00e1mbito nacional en Investigaci\u00f3n Biom\u00e9dica<\/em><\/h2>\n<!-- \/wp:heading -->\n\n<!-- wp:paragraph -->\n<p>El Instituto de Investigaci\u00f3n Biom\u00e9dica de M\u00e1laga y Plataforma en Nanomedicina (IBIMA Plataforma BIONAND) se consolida como uno de los l\u00edderes en el \u00e1mbito nacional en investigaci\u00f3n en salud. M\u00e1laga, por tanto, encabeza las investigaciones biom\u00e9dicas en Espa\u00f1a con el fin de resolver problemas de salud y en el que trabajan 1500 investigadores con dilatada experiencia.<\/p>\n<!-- \/wp:paragraph -->\n\n<!-- wp:paragraph -->\n<p>Al cierre de 2023, IBIMA Plataforma BIONAND ha obtenido una suma total de <strong>30 millones de euros<\/strong> en fondos captados para la investigaci\u00f3n en salud debido a las actividades estrat\u00e9gicas llevadas a cabo durante el a\u00f1o natural. Esto se traduce en un aumento de 6 millones de euros m\u00e1s respecto al a\u00f1o 2022.<\/p>\n<!-- \/wp:paragraph -->\n\n<!-- wp:paragraph -->\n<p>Destaca la concesi\u00f3n de <strong>2,5 millones de euros<\/strong> del Programa FORTALECE. Este proyecto incrementar\u00e1 la actividad de I+D+i y facilitar\u00e1 la transferencia de los resultados logrados a la sociedad en forma de avances en el conocimiento, prevenci\u00f3n, diagn\u00f3stico y tratamiento de las enfermedades en patolog\u00edas relevantes (enfermedades cr\u00f3nicas, cardiovasculares, neurol\u00f3gicas y c\u00e1ncer). Adem\u00e1s, permitir\u00e1 el desarrollo de ciencia de frontera liderada por los seis grupos que lo integran: dos grupos del Hospital Universitario Virgen de la Victoria cuyos investigadores responsables son Francisco J. Tinahones y Ra\u00fal J. Andrade, dos grupos del Hospital Regional Universitario de M\u00e1laga encabezados por Mar\u00eda Jos\u00e9 Torres y por Antonia Mar\u00eda Serrano, y dos grupos de la Universidad de M\u00e1laga liderados por Jos\u00e9 Manuel Jim\u00e9nez y por Melissa Garc\u00eda.<\/p>\n<!-- \/wp:paragraph -->\n\n<!-- wp:paragraph -->\n<p>IBIMA Plataforma BIONAND tambi\u00e9n ha obtenido <strong>900.000 euros <\/strong>por la concesi\u00f3n de las tres plataformas del Instituto de Salud Carlos III (Innovaci\u00f3n, Ensayos Cl\u00ednicos y Biobanco), as\u00ed como el programa CERTERA con un total de <strong>400.000 euros<\/strong>, y los ensayos cl\u00ednicos independientes con <strong>valor de 800.000 euros<\/strong>. Tambi\u00e9n, entre los grandes proyectos, destacan tres en colaboraci\u00f3n p\u00fablico-privada, que re\u00fanen una financiaci\u00f3n conjunta de 3 millones de euros.<\/p>\n<!-- \/wp:paragraph -->\n\n<!-- wp:paragraph -->\n<p>Cabe destacar el posicionamiento de <a href=\"https:\/\/ibima.eu\/investigadores-de-ibima-plataforma-bionand-demuestran-los-efectos-del-dimetil-fumarato-en-el-metabolismo-energetico\/\">IBIMA Plataforma BIONAND <\/a>en el \u00e1mbito internacional, situ\u00e1ndose a la vanguardia de la investigaci\u00f3n biom\u00e9dica de excelencia en Europa. En 2023, este reconocimiento queda avalado con la concesi\u00f3n de uno de los apoyos de mayor reconocimiento cient\u00edfico internacional, ERC Starting. Con un presupuesto de m\u00e1s de 1,4 millones de euros, este Instituto se enfrenta a un gran desaf\u00edo cient\u00edfico en la prevenci\u00f3n y predicci\u00f3n del infarto de miocardio, que supondr\u00e1 un gran avance en la frontera del conocimiento, generando un importante impacto cient\u00edfico con traslaci\u00f3n cl\u00ednica. Adicionalmente, cabe resaltar\u00a0 la atracci\u00f3n de talento internacional con la concesi\u00f3n del Marie Slowdoska Curie en el \u00e1rea de alergia, tres proyectos financiados en el marco del programa EU4Health y otros tres dentro del cl\u00faster salud de Horizonte Europa en colaboraci\u00f3n con la European Clinical Research Infrastructure Network (ECRIN)<a href=\"https:\/\/ecrin.org\/\">.<\/a> IBIMA Plataforma BIONAND cierra este 2023 con tres nuevos proyectos en resoluci\u00f3n provisional de las convocatorias SUDOE, ERA4Health y EU4Health, que generar\u00e1 nuevas colaboraciones y resultados con impacto internacional.<\/p>\n<!-- \/wp:paragraph -->\n\n<!-- wp:paragraph -->\n<p>En este a\u00f1o que finaliza ha sido muy significativo el incremento de ensayos cl\u00ednicos desarrollados en el Instituto. Actualmente el centro participa en 325 ensayos cl\u00ednicos, lo que supone un incremento del <strong>24% respecto al a\u00f1o 2022<\/strong>.<\/p>\n<!-- \/wp:paragraph -->\n\n<!-- wp:paragraph -->\n<p>Asimismo, parte del \u00e9xito de IBIMA Plataforma BIONAND reside en la aportaci\u00f3n activa de la participaci\u00f3n ciudadana. Eventos como el I Torneo de F\u00fatbol 7 HRUM\/IBIMA o la I Carrera Solidaria Contra la Obesidad han sido parte de las acciones llevadas a cabo y donde se han recaudado alrededor de 30.000 euros para fomentar la investigaci\u00f3n biom\u00e9dica.<\/p>\n<!-- \/wp:paragraph -->\n\n<!-- wp:paragraph -->\n<p>Especial importancia para el crecimiento del Instituto ha tenido el acto solidario de Francisco Jes\u00fas Sarmiento, que ha donado, en concepto de herencia, un total de <strong>230.000 euros<\/strong> para el desarrollo de distintas l\u00edneas de investigaci\u00f3n en el Instituto.<\/p>\n<!-- \/wp:paragraph -->\n\n<!-- wp:paragraph -->\n<p>\u201cM\u00e1laga cuenta con un centro de excelencia en Investigaci\u00f3n Biom\u00e9dica. Es IBIMA Plataforma BIONAND, que, en estos \u00faltimos a\u00f1os, ha tenido un crecimiento sostenido en la captaci\u00f3n de recursos, acerc\u00e1ndonos este a\u00f1o a los<strong> 30 millones de euros<\/strong>. Esto supone que IBIMA Plataforma BIONAND se posicione como uno de los Institutos de Investigaci\u00f3n Biom\u00e9dica m\u00e1s relevante de nuestro pa\u00eds\u201d, ha se\u00f1alado Francisco J. Tinahones, director cient\u00edfico del Instituto de Investigaci\u00f3n Biom\u00e9dica de M\u00e1laga y Plataforma en Nanomedicina.<\/p>\n<!-- \/wp:paragraph -->","_et_gb_content_width":"","footnotes":""},"categories":[1981],"tags":[2916,3119,3667,2747,2994,2230,3678],"class_list":["post-63016","post","type-post","status-publish","format-standard","has-post-thumbnail","hentry","category-noticias","tag-alzheimer","tag-c-06","tag-dchiro","tag-ibima","tag-innovacion-2","tag-investigacion","tag-neuropsicofarmacologia-2"],"acf":[],"yoast_head":"<!-- This site is optimized with the Yoast SEO plugin v28.4 - https:\/\/yoast.com\/product\/yoast-seo-wordpress\/ -->\n<title>Un compuesto natural reduce la acumulaci\u00f3n de prote\u00ednas da\u00f1inas y mejora la memoria en modelos de alzh\u00e9imer - Ibima<\/title>\n<meta name=\"description\" content=\"Investigadores descubren un compuesto natural que ayuda a reducir las prote\u00ednas da\u00f1inas en modelos de Alzheimer\" \/>\n<meta name=\"robots\" content=\"index, follow, max-snippet:-1, max-image-preview:large, max-video-preview:-1\" \/>\n<link rel=\"canonical\" href=\"https:\/\/ibima.eu\/en\/un-compuesto-natural-reduce-la-acumulacion-de-proteinas-daninas-y-mejora-la-memoria-en-modelos-de-alzheimer\/\" \/>\n<meta property=\"og:locale\" content=\"en_GB\" \/>\n<meta property=\"og:type\" content=\"article\" \/>\n<meta property=\"og:title\" content=\"Un compuesto natural reduce la acumulaci\u00f3n de prote\u00ednas da\u00f1inas y mejora la memoria en modelos de alzh\u00e9imer - Ibima\" \/>\n<meta property=\"og:description\" content=\"Investigadores descubren un compuesto natural que ayuda a reducir las prote\u00ednas da\u00f1inas en modelos de Alzheimer\" \/>\n<meta property=\"og:url\" content=\"https:\/\/ibima.eu\/en\/un-compuesto-natural-reduce-la-acumulacion-de-proteinas-daninas-y-mejora-la-memoria-en-modelos-de-alzheimer\/\" \/>\n<meta property=\"og:site_name\" content=\"Ibima\" \/>\n<meta property=\"article:published_time\" content=\"2026-09-04T08:30:00+00:00\" \/>\n<meta property=\"article:modified_time\" content=\"2026-09-04T11:59:02+00:00\" \/>\n<meta property=\"og:image\" content=\"https:\/\/ibima.eu\/wp-content\/uploads\/2026\/08\/202607_NP_FRF_Rev-1.jpeg\" \/>\n\t<meta property=\"og:image:width\" content=\"2048\" \/>\n\t<meta property=\"og:image:height\" content=\"1536\" \/>\n\t<meta property=\"og:image:type\" content=\"image\/jpeg\" \/>\n<meta name=\"author\" content=\"Divulgaci\u00f3n\" \/>\n<meta name=\"twitter:card\" content=\"summary_large_image\" \/>\n<meta name=\"twitter:label1\" content=\"Written by\" \/>\n\t<meta name=\"twitter:data1\" content=\"Divulgaci\u00f3n\" \/>\n\t<meta name=\"twitter:label2\" content=\"Estimated reading time\" \/>\n\t<meta name=\"twitter:data2\" content=\"6 minutes\" \/>\n<script type=\"application\/ld+json\" class=\"yoast-schema-graph\">{\"@context\":\"https:\\\/\\\/schema.org\",\"@graph\":[{\"@type\":\"Article\",\"@id\":\"https:\\\/\\\/ibima.eu\\\/un-compuesto-natural-reduce-la-acumulacion-de-proteinas-daninas-y-mejora-la-memoria-en-modelos-de-alzheimer\\\/#article\",\"isPartOf\":{\"@id\":\"https:\\\/\\\/ibima.eu\\\/un-compuesto-natural-reduce-la-acumulacion-de-proteinas-daninas-y-mejora-la-memoria-en-modelos-de-alzheimer\\\/\"},\"author\":{\"name\":\"Divulgaci\u00f3n\",\"@id\":\"https:\\\/\\\/ibima.eu\\\/es\\\/#\\\/schema\\\/person\\\/31b8becdcc53729d5a51d5b3436ce9a5\"},\"headline\":\"Un compuesto natural reduce la acumulaci\u00f3n de prote\u00ednas da\u00f1inas y mejora la memoria en modelos de alzh\u00e9imer\",\"datePublished\":\"2026-09-04T08:30:00+00:00\",\"dateModified\":\"2026-09-04T11:59:02+00:00\",\"mainEntityOfPage\":{\"@id\":\"https:\\\/\\\/ibima.eu\\\/un-compuesto-natural-reduce-la-acumulacion-de-proteinas-daninas-y-mejora-la-memoria-en-modelos-de-alzheimer\\\/\"},\"wordCount\":1437,\"commentCount\":0,\"image\":{\"@id\":\"https:\\\/\\\/ibima.eu\\\/un-compuesto-natural-reduce-la-acumulacion-de-proteinas-daninas-y-mejora-la-memoria-en-modelos-de-alzheimer\\\/#primaryimage\"},\"thumbnailUrl\":\"https:\\\/\\\/ibima.eu\\\/wp-content\\\/uploads\\\/2026\\\/08\\\/202607_NP_FRF_Rev-1.jpeg\",\"keywords\":[\"alzheimer\",\"c-06\",\"dchiro\",\"IBIMA\",\"innovacion\",\"Investigacion\",\"neuropsicofarmacolog\u00eda\"],\"articleSection\":[\"noticias\"],\"inLanguage\":\"en-GB\",\"potentialAction\":[{\"@type\":\"CommentAction\",\"name\":\"Comment\",\"target\":[\"https:\\\/\\\/ibima.eu\\\/un-compuesto-natural-reduce-la-acumulacion-de-proteinas-daninas-y-mejora-la-memoria-en-modelos-de-alzheimer\\\/#respond\"]}]},{\"@type\":\"WebPage\",\"@id\":\"https:\\\/\\\/ibima.eu\\\/un-compuesto-natural-reduce-la-acumulacion-de-proteinas-daninas-y-mejora-la-memoria-en-modelos-de-alzheimer\\\/\",\"url\":\"https:\\\/\\\/ibima.eu\\\/un-compuesto-natural-reduce-la-acumulacion-de-proteinas-daninas-y-mejora-la-memoria-en-modelos-de-alzheimer\\\/\",\"name\":\"Un compuesto natural reduce la acumulaci\u00f3n de prote\u00ednas da\u00f1inas y mejora la memoria en modelos de alzh\u00e9imer - Ibima\",\"isPartOf\":{\"@id\":\"https:\\\/\\\/ibima.eu\\\/es\\\/#website\"},\"primaryImageOfPage\":{\"@id\":\"https:\\\/\\\/ibima.eu\\\/un-compuesto-natural-reduce-la-acumulacion-de-proteinas-daninas-y-mejora-la-memoria-en-modelos-de-alzheimer\\\/#primaryimage\"},\"image\":{\"@id\":\"https:\\\/\\\/ibima.eu\\\/un-compuesto-natural-reduce-la-acumulacion-de-proteinas-daninas-y-mejora-la-memoria-en-modelos-de-alzheimer\\\/#primaryimage\"},\"thumbnailUrl\":\"https:\\\/\\\/ibima.eu\\\/wp-content\\\/uploads\\\/2026\\\/08\\\/202607_NP_FRF_Rev-1.jpeg\",\"datePublished\":\"2026-09-04T08:30:00+00:00\",\"dateModified\":\"2026-09-04T11:59:02+00:00\",\"author\":{\"@id\":\"https:\\\/\\\/ibima.eu\\\/es\\\/#\\\/schema\\\/person\\\/31b8becdcc53729d5a51d5b3436ce9a5\"},\"description\":\"Investigadores descubren un compuesto natural que ayuda a reducir las prote\u00ednas da\u00f1inas en modelos de Alzheimer\",\"breadcrumb\":{\"@id\":\"https:\\\/\\\/ibima.eu\\\/un-compuesto-natural-reduce-la-acumulacion-de-proteinas-daninas-y-mejora-la-memoria-en-modelos-de-alzheimer\\\/#breadcrumb\"},\"inLanguage\":\"en-GB\",\"potentialAction\":[{\"@type\":\"ReadAction\",\"target\":[\"https:\\\/\\\/ibima.eu\\\/un-compuesto-natural-reduce-la-acumulacion-de-proteinas-daninas-y-mejora-la-memoria-en-modelos-de-alzheimer\\\/\"]}]},{\"@type\":\"ImageObject\",\"inLanguage\":\"en-GB\",\"@id\":\"https:\\\/\\\/ibima.eu\\\/un-compuesto-natural-reduce-la-acumulacion-de-proteinas-daninas-y-mejora-la-memoria-en-modelos-de-alzheimer\\\/#primaryimage\",\"url\":\"https:\\\/\\\/ibima.eu\\\/wp-content\\\/uploads\\\/2026\\\/08\\\/202607_NP_FRF_Rev-1.jpeg\",\"contentUrl\":\"https:\\\/\\\/ibima.eu\\\/wp-content\\\/uploads\\\/2026\\\/08\\\/202607_NP_FRF_Rev-1.jpeg\",\"width\":2048,\"height\":1536,\"caption\":\"202607_NP_FRF_Rev (1)\"},{\"@type\":\"BreadcrumbList\",\"@id\":\"https:\\\/\\\/ibima.eu\\\/un-compuesto-natural-reduce-la-acumulacion-de-proteinas-daninas-y-mejora-la-memoria-en-modelos-de-alzheimer\\\/#breadcrumb\",\"itemListElement\":[{\"@type\":\"ListItem\",\"position\":1,\"name\":\"Portada\",\"item\":\"https:\\\/\\\/ibima.eu\\\/es\\\/\"},{\"@type\":\"ListItem\",\"position\":2,\"name\":\"Un compuesto natural reduce la acumulaci\u00f3n de prote\u00ednas da\u00f1inas y mejora la memoria en modelos de alzh\u00e9imer\"}]},{\"@type\":\"WebSite\",\"@id\":\"https:\\\/\\\/ibima.eu\\\/es\\\/#website\",\"url\":\"https:\\\/\\\/ibima.eu\\\/es\\\/\",\"name\":\"Ibima\",\"description\":\"\",\"potentialAction\":[{\"@type\":\"SearchAction\",\"target\":{\"@type\":\"EntryPoint\",\"urlTemplate\":\"https:\\\/\\\/ibima.eu\\\/es\\\/?s={search_term_string}\"},\"query-input\":{\"@type\":\"PropertyValueSpecification\",\"valueRequired\":true,\"valueName\":\"search_term_string\"}}],\"inLanguage\":\"en-GB\"},{\"@type\":\"Person\",\"@id\":\"https:\\\/\\\/ibima.eu\\\/es\\\/#\\\/schema\\\/person\\\/31b8becdcc53729d5a51d5b3436ce9a5\",\"name\":\"Divulgaci\u00f3n\",\"image\":{\"@type\":\"ImageObject\",\"inLanguage\":\"en-GB\",\"@id\":\"https:\\\/\\\/secure.gravatar.com\\\/avatar\\\/a96ea83ae1abdc712e138b425847bdc88b61da083b2e05603d5a5305a98cd781?s=96&d=mm&r=g\",\"url\":\"https:\\\/\\\/secure.gravatar.com\\\/avatar\\\/a96ea83ae1abdc712e138b425847bdc88b61da083b2e05603d5a5305a98cd781?s=96&d=mm&r=g\",\"contentUrl\":\"https:\\\/\\\/secure.gravatar.com\\\/avatar\\\/a96ea83ae1abdc712e138b425847bdc88b61da083b2e05603d5a5305a98cd781?s=96&d=mm&r=g\",\"caption\":\"Divulgaci\u00f3n\"},\"url\":\"https:\\\/\\\/ibima.eu\\\/en\\\/author\\\/divulgacioncientifica\\\/\"}]}<\/script>\n<!-- \/ Yoast SEO plugin. -->","yoast_head_json":{"title":"Un compuesto natural reduce la acumulaci\u00f3n de prote\u00ednas da\u00f1inas y mejora la memoria en modelos de alzh\u00e9imer - Ibima","description":"Investigadores descubren un compuesto natural que ayuda a reducir las prote\u00ednas da\u00f1inas en modelos de Alzheimer","robots":{"index":"index","follow":"follow","max-snippet":"max-snippet:-1","max-image-preview":"max-image-preview:large","max-video-preview":"max-video-preview:-1"},"canonical":"https:\/\/ibima.eu\/en\/un-compuesto-natural-reduce-la-acumulacion-de-proteinas-daninas-y-mejora-la-memoria-en-modelos-de-alzheimer\/","og_locale":"en_GB","og_type":"article","og_title":"Un compuesto natural reduce la acumulaci\u00f3n de prote\u00ednas da\u00f1inas y mejora la memoria en modelos de alzh\u00e9imer - Ibima","og_description":"Investigadores descubren un compuesto natural que ayuda a reducir las prote\u00ednas da\u00f1inas en modelos de Alzheimer","og_url":"https:\/\/ibima.eu\/en\/un-compuesto-natural-reduce-la-acumulacion-de-proteinas-daninas-y-mejora-la-memoria-en-modelos-de-alzheimer\/","og_site_name":"Ibima","article_published_time":"2026-09-04T08:30:00+00:00","article_modified_time":"2026-09-04T11:59:02+00:00","og_image":[{"width":2048,"height":1536,"url":"https:\/\/ibima.eu\/wp-content\/uploads\/2026\/08\/202607_NP_FRF_Rev-1.jpeg","type":"image\/jpeg"}],"author":"Divulgaci\u00f3n","twitter_card":"summary_large_image","twitter_misc":{"Written by":"Divulgaci\u00f3n","Estimated reading time":"6 minutes"},"schema":{"@context":"https:\/\/schema.org","@graph":[{"@type":"Article","@id":"https:\/\/ibima.eu\/un-compuesto-natural-reduce-la-acumulacion-de-proteinas-daninas-y-mejora-la-memoria-en-modelos-de-alzheimer\/#article","isPartOf":{"@id":"https:\/\/ibima.eu\/un-compuesto-natural-reduce-la-acumulacion-de-proteinas-daninas-y-mejora-la-memoria-en-modelos-de-alzheimer\/"},"author":{"name":"Divulgaci\u00f3n","@id":"https:\/\/ibima.eu\/es\/#\/schema\/person\/31b8becdcc53729d5a51d5b3436ce9a5"},"headline":"Un compuesto natural reduce la acumulaci\u00f3n de prote\u00ednas da\u00f1inas y mejora la memoria en modelos de alzh\u00e9imer","datePublished":"2026-09-04T08:30:00+00:00","dateModified":"2026-09-04T11:59:02+00:00","mainEntityOfPage":{"@id":"https:\/\/ibima.eu\/un-compuesto-natural-reduce-la-acumulacion-de-proteinas-daninas-y-mejora-la-memoria-en-modelos-de-alzheimer\/"},"wordCount":1437,"commentCount":0,"image":{"@id":"https:\/\/ibima.eu\/un-compuesto-natural-reduce-la-acumulacion-de-proteinas-daninas-y-mejora-la-memoria-en-modelos-de-alzheimer\/#primaryimage"},"thumbnailUrl":"https:\/\/ibima.eu\/wp-content\/uploads\/2026\/08\/202607_NP_FRF_Rev-1.jpeg","keywords":["alzheimer","c-06","dchiro","IBIMA","innovacion","Investigacion","neuropsicofarmacolog\u00eda"],"articleSection":["noticias"],"inLanguage":"en-GB","potentialAction":[{"@type":"CommentAction","name":"Comment","target":["https:\/\/ibima.eu\/un-compuesto-natural-reduce-la-acumulacion-de-proteinas-daninas-y-mejora-la-memoria-en-modelos-de-alzheimer\/#respond"]}]},{"@type":"WebPage","@id":"https:\/\/ibima.eu\/un-compuesto-natural-reduce-la-acumulacion-de-proteinas-daninas-y-mejora-la-memoria-en-modelos-de-alzheimer\/","url":"https:\/\/ibima.eu\/un-compuesto-natural-reduce-la-acumulacion-de-proteinas-daninas-y-mejora-la-memoria-en-modelos-de-alzheimer\/","name":"Un compuesto natural reduce la acumulaci\u00f3n de prote\u00ednas da\u00f1inas y mejora la memoria en modelos de alzh\u00e9imer - Ibima","isPartOf":{"@id":"https:\/\/ibima.eu\/es\/#website"},"primaryImageOfPage":{"@id":"https:\/\/ibima.eu\/un-compuesto-natural-reduce-la-acumulacion-de-proteinas-daninas-y-mejora-la-memoria-en-modelos-de-alzheimer\/#primaryimage"},"image":{"@id":"https:\/\/ibima.eu\/un-compuesto-natural-reduce-la-acumulacion-de-proteinas-daninas-y-mejora-la-memoria-en-modelos-de-alzheimer\/#primaryimage"},"thumbnailUrl":"https:\/\/ibima.eu\/wp-content\/uploads\/2026\/08\/202607_NP_FRF_Rev-1.jpeg","datePublished":"2026-09-04T08:30:00+00:00","dateModified":"2026-09-04T11:59:02+00:00","author":{"@id":"https:\/\/ibima.eu\/es\/#\/schema\/person\/31b8becdcc53729d5a51d5b3436ce9a5"},"description":"Investigadores descubren un compuesto natural que ayuda a reducir las prote\u00ednas da\u00f1inas en modelos de Alzheimer","breadcrumb":{"@id":"https:\/\/ibima.eu\/un-compuesto-natural-reduce-la-acumulacion-de-proteinas-daninas-y-mejora-la-memoria-en-modelos-de-alzheimer\/#breadcrumb"},"inLanguage":"en-GB","potentialAction":[{"@type":"ReadAction","target":["https:\/\/ibima.eu\/un-compuesto-natural-reduce-la-acumulacion-de-proteinas-daninas-y-mejora-la-memoria-en-modelos-de-alzheimer\/"]}]},{"@type":"ImageObject","inLanguage":"en-GB","@id":"https:\/\/ibima.eu\/un-compuesto-natural-reduce-la-acumulacion-de-proteinas-daninas-y-mejora-la-memoria-en-modelos-de-alzheimer\/#primaryimage","url":"https:\/\/ibima.eu\/wp-content\/uploads\/2026\/08\/202607_NP_FRF_Rev-1.jpeg","contentUrl":"https:\/\/ibima.eu\/wp-content\/uploads\/2026\/08\/202607_NP_FRF_Rev-1.jpeg","width":2048,"height":1536,"caption":"202607_NP_FRF_Rev (1)"},{"@type":"BreadcrumbList","@id":"https:\/\/ibima.eu\/un-compuesto-natural-reduce-la-acumulacion-de-proteinas-daninas-y-mejora-la-memoria-en-modelos-de-alzheimer\/#breadcrumb","itemListElement":[{"@type":"ListItem","position":1,"name":"Portada","item":"https:\/\/ibima.eu\/es\/"},{"@type":"ListItem","position":2,"name":"Un compuesto natural reduce la acumulaci\u00f3n de prote\u00ednas da\u00f1inas y mejora la memoria en modelos de alzh\u00e9imer"}]},{"@type":"WebSite","@id":"https:\/\/ibima.eu\/es\/#website","url":"https:\/\/ibima.eu\/es\/","name":"Ibima","description":"","potentialAction":[{"@type":"SearchAction","target":{"@type":"EntryPoint","urlTemplate":"https:\/\/ibima.eu\/es\/?s={search_term_string}"},"query-input":{"@type":"PropertyValueSpecification","valueRequired":true,"valueName":"search_term_string"}}],"inLanguage":"en-GB"},{"@type":"Person","@id":"https:\/\/ibima.eu\/es\/#\/schema\/person\/31b8becdcc53729d5a51d5b3436ce9a5","name":"Divulgaci\u00f3n","image":{"@type":"ImageObject","inLanguage":"en-GB","@id":"https:\/\/secure.gravatar.com\/avatar\/a96ea83ae1abdc712e138b425847bdc88b61da083b2e05603d5a5305a98cd781?s=96&d=mm&r=g","url":"https:\/\/secure.gravatar.com\/avatar\/a96ea83ae1abdc712e138b425847bdc88b61da083b2e05603d5a5305a98cd781?s=96&d=mm&r=g","contentUrl":"https:\/\/secure.gravatar.com\/avatar\/a96ea83ae1abdc712e138b425847bdc88b61da083b2e05603d5a5305a98cd781?s=96&d=mm&r=g","caption":"Divulgaci\u00f3n"},"url":"https:\/\/ibima.eu\/en\/author\/divulgacioncientifica\/"}]}},"_links":{"self":[{"href":"https:\/\/ibima.eu\/en\/wp-json\/wp\/v2\/posts\/63016","targetHints":{"allow":["GET"]}}],"collection":[{"href":"https:\/\/ibima.eu\/en\/wp-json\/wp\/v2\/posts"}],"about":[{"href":"https:\/\/ibima.eu\/en\/wp-json\/wp\/v2\/types\/post"}],"author":[{"embeddable":true,"href":"https:\/\/ibima.eu\/en\/wp-json\/wp\/v2\/users\/4"}],"replies":[{"embeddable":true,"href":"https:\/\/ibima.eu\/en\/wp-json\/wp\/v2\/comments?post=63016"}],"version-history":[{"count":5,"href":"https:\/\/ibima.eu\/en\/wp-json\/wp\/v2\/posts\/63016\/revisions"}],"predecessor-version":[{"id":63078,"href":"https:\/\/ibima.eu\/en\/wp-json\/wp\/v2\/posts\/63016\/revisions\/63078"}],"wp:featuredmedia":[{"embeddable":true,"href":"https:\/\/ibima.eu\/en\/wp-json\/wp\/v2\/media\/63017"}],"wp:attachment":[{"href":"https:\/\/ibima.eu\/en\/wp-json\/wp\/v2\/media?parent=63016"}],"wp:term":[{"taxonomy":"category","embeddable":true,"href":"https:\/\/ibima.eu\/en\/wp-json\/wp\/v2\/categories?post=63016"},{"taxonomy":"post_tag","embeddable":true,"href":"https:\/\/ibima.eu\/en\/wp-json\/wp\/v2\/tags?post=63016"}],"curies":[{"name":"wp","href":"https:\/\/api.w.org\/{rel}","templated":true}]}}