{"id":59404,"date":"2026-01-06T17:19:54","date_gmt":"2026-01-06T17:19:54","guid":{"rendered":"https:\/\/ibima.eu\/?p=59404"},"modified":"2026-01-06T17:20:01","modified_gmt":"2026-01-06T17:20:01","slug":"pedro-luis-cobos-cano","status":"publish","type":"post","link":"https:\/\/ibima.eu\/es\/pedro-luis-cobos-cano\/","title":{"rendered":"PEDRO LUIS COBOS CANO"},"content":{"rendered":"<p>Perfil investigador\/a: R4<\/p>\n<div class=\"pum-title popmake-title\" data-rocket-location-hash=\"167e94d95f0eeb28ad6179afe310344a\">\n<h4 data-start=\"201\" data-end=\"453\"><strong data-start=\"201\" data-end=\"226\">Pedro Luis Cobos Cano<\/strong> es <strong data-start=\"230\" data-end=\"258\">psic\u00f3logo e investigador<\/strong> y <strong data-start=\"261\" data-end=\"317\">Co-Investigador Responsable del grupo CA-10 de IBIMA<\/strong>,<a href=\"https:\/\/ibima.eu\/es\/project\/ca-10\/\"> <em data-start=\"319\" data-end=\"337\">Cognici\u00f3n causal<\/em><\/a>. Cuenta con <strong data-start=\"350\" data-end=\"395\">dos sexenios de investigaci\u00f3n reconocidos<\/strong> y *<em data-start=\"399\" data-end=\"452\">tres tramos auton\u00f3micos de productividad cient\u00edfica<\/em>.<\/h4>\n<p data-start=\"455\" data-end=\"859\">Su trayectoria investigadora se centra en el estudio de los <strong data-start=\"515\" data-end=\"554\">procesos asociativos de aprendizaje<\/strong>, la <strong data-start=\"559\" data-end=\"579\">cognici\u00f3n causal<\/strong> y los <strong data-start=\"586\" data-end=\"635\">mecanismos que subyacen a los juicios humanos<\/strong>. Ha analizado de forma experimental los <strong data-start=\"729\" data-end=\"770\">sesgos en los juicios de probabilidad<\/strong>, el <strong data-start=\"775\" data-end=\"813\">aprendizaje de relaciones causales<\/strong> y la <strong data-start=\"819\" data-end=\"858\">realizaci\u00f3n de inferencias causales<\/strong>.<\/p>\n<p data-start=\"861\" data-end=\"1251\">Una de sus principales aportaciones ha sido el an\u00e1lisis del <strong data-start=\"921\" data-end=\"998\">papel conjunto de los procesos asociativos y los procesos de razonamiento. As\u00ed, ha demostrado <\/strong>que ambos coexisten y explican de forma complementaria el aprendizaje causal. Su investigaci\u00f3n ha contribuido al debate internacional entre <strong data-start=\"1152\" data-end=\"1175\">modelos asociativos<\/strong> y <strong data-start=\"1178\" data-end=\"1250\">modelos basados en representaciones proposicionales del conocimiento<\/strong>.<\/p>\n<p data-start=\"1253\" data-end=\"1653\">En los \u00faltimos a\u00f1os ha ampliado su investigaci\u00f3n hacia <strong data-start=\"1308\" data-end=\"1342\">contextos aplicados y cl\u00ednicos<\/strong>, estudiando los <strong data-start=\"1359\" data-end=\"1433\">procesos de inferencia causal en el diagn\u00f3stico de trastornos mentales<\/strong>, tanto en profesionales cl\u00ednicos como en estudiantes de Psicolog\u00eda. Actualmente trabaja en el an\u00e1lisis de la <strong data-start=\"1543\" data-end=\"1569\">adquisici\u00f3n de h\u00e1bitos<\/strong>, el <strong data-start=\"1574\" data-end=\"1611\">aprendizaje y extinci\u00f3n del miedo<\/strong> y su relevancia para la pr\u00e1ctica cl\u00ednica.<\/p>\n<p data-start=\"1655\" data-end=\"1979\">Ha <strong data-start=\"1658\" data-end=\"1689\">dirigido 4 tesis doctorales<\/strong>, todas calificadas con <strong data-start=\"1713\" data-end=\"1740\">Sobresaliente Cum Laude<\/strong>, incluyendo <strong data-start=\"1753\" data-end=\"1788\">menci\u00f3n europea e internacional<\/strong>, y desarrolladas con contratos predoctorales competitivos. Cuenta con <strong data-start=\"1859\" data-end=\"1901\">20 publicaciones cient\u00edficas indexadas<\/strong>, varias de ellas en <strong data-start=\"1922\" data-end=\"1937\">revistas Q1<\/strong>, y un <strong data-start=\"1944\" data-end=\"1961\">\u00edndice h de 6<\/strong> (Web of Science).<\/p>\n<p data-start=\"1981\" data-end=\"2198\">Su perfil combina <strong data-start=\"1999\" data-end=\"2036\">investigaci\u00f3n b\u00e1sica en cognici\u00f3n<\/strong>, <strong data-start=\"2038\" data-end=\"2060\">aplicaci\u00f3n cl\u00ednica<\/strong>, y una clara vocaci\u00f3n de <strong data-start=\"2086\" data-end=\"2119\">colaboraci\u00f3n interdisciplinar<\/strong> para el estudio de los procesos psicol\u00f3gicos implicados en la conducta humana.<\/p>\n<p data-start=\"2200\" data-end=\"2228\" data-is-last-node=\"\" data-is-only-node=\"\"><strong data-start=\"2200\" data-end=\"2213\">Contacto:<\/strong> <a class=\"decorated-link cursor-pointer\" rel=\"noopener\" data-start=\"2214\" data-end=\"2228\" data-is-last-node=\"\">p_cobos@uma.es<\/a><\/p>\n<\/div>\n<div class=\"pum-content popmake-content\" tabindex=\"0\" data-rocket-location-hash=\"fa7f7b1c380c396ff72dd2b8db3438b1\"><\/div>\n","protected":false},"excerpt":{"rendered":"<p>Perfil investigador\/a: R4 Pedro Luis Cobos Cano es psic\u00f3logo e investigador y Co-Investigador Responsable del grupo CA-10 de IBIMA, Cognici\u00f3n causal. Cuenta con dos sexenios de investigaci\u00f3n reconocidos y *tres tramos auton\u00f3micos de productividad cient\u00edfica. Su trayectoria investigadora se centra en el estudio de los procesos asociativos de aprendizaje, la cognici\u00f3n causal y los mecanismos [&hellip;]<\/p>\n","protected":false},"author":4,"featured_media":31675,"comment_status":"open","ping_status":"closed","sticky":false,"template":"","format":"standard","meta":{"_acf_changed":false,"_et_pb_use_builder":"","_et_pb_old_content":"","_et_gb_content_width":"","footnotes":""},"categories":[2564,2090],"tags":[3272,3273,2747,2810],"class_list":["post-59404","post","type-post","status-publish","format-standard","has-post-thumbnail","hentry","category-investigador-responsable-ca-10","category-grupo_de_investigacion","tag-ca-10","tag-cognicion-casual","tag-ibima","tag-uma"],"acf":[],"yoast_head":"<!-- This site is optimized with the Yoast SEO plugin v27.4 - https:\/\/yoast.com\/product\/yoast-seo-wordpress\/ -->\n<title>PEDRO LUIS COBOS CANO - Ibima<\/title>\n<meta name=\"description\" content=\"Pedro Luis Cobos Cano es coinvestigador responsable del grupo de IBIMA Plataforma BIONAND Cognici\u00f3n Casual (CA-10)\" \/>\n<meta name=\"robots\" content=\"index, follow, max-snippet:-1, max-image-preview:large, max-video-preview:-1\" \/>\n<link rel=\"canonical\" href=\"https:\/\/ibima.eu\/es\/pedro-luis-cobos-cano\/\" \/>\n<meta property=\"og:locale\" content=\"es_ES\" \/>\n<meta property=\"og:type\" content=\"article\" \/>\n<meta property=\"og:title\" content=\"PEDRO LUIS COBOS CANO - Ibima\" \/>\n<meta property=\"og:description\" content=\"Pedro Luis Cobos Cano es coinvestigador responsable del grupo de IBIMA Plataforma BIONAND Cognici\u00f3n Casual (CA-10)\" \/>\n<meta property=\"og:url\" content=\"https:\/\/ibima.eu\/es\/pedro-luis-cobos-cano\/\" \/>\n<meta property=\"og:site_name\" content=\"Ibima\" \/>\n<meta property=\"article:published_time\" content=\"2026-01-06T17:19:54+00:00\" \/>\n<meta property=\"article:modified_time\" content=\"2026-01-06T17:20:01+00:00\" \/>\n<meta property=\"og:image\" content=\"https:\/\/ibima.eu\/wp-content\/uploads\/2024\/02\/CA-10-Pedro-Luis-1024x1024.png\" \/>\n\t<meta property=\"og:image:width\" content=\"1024\" \/>\n\t<meta property=\"og:image:height\" content=\"1024\" \/>\n\t<meta property=\"og:image:type\" content=\"image\/png\" \/>\n<meta name=\"author\" content=\"Divulgaci\u00f3n\" \/>\n<meta name=\"twitter:card\" content=\"summary_large_image\" \/>\n<meta name=\"twitter:label1\" content=\"Escrito por\" \/>\n\t<meta name=\"twitter:data1\" content=\"Divulgaci\u00f3n\" \/>\n\t<meta name=\"twitter:label2\" content=\"Tiempo de lectura\" \/>\n\t<meta name=\"twitter:data2\" content=\"2 minutos\" \/>\n<script type=\"application\/ld+json\" class=\"yoast-schema-graph\">{\"@context\":\"https:\\\/\\\/schema.org\",\"@graph\":[{\"@type\":\"Article\",\"@id\":\"https:\\\/\\\/ibima.eu\\\/pedro-luis-cobos-cano\\\/#article\",\"isPartOf\":{\"@id\":\"https:\\\/\\\/ibima.eu\\\/pedro-luis-cobos-cano\\\/\"},\"author\":{\"name\":\"Divulgaci\u00f3n\",\"@id\":\"https:\\\/\\\/ibima.eu\\\/es\\\/#\\\/schema\\\/person\\\/31b8becdcc53729d5a51d5b3436ce9a5\"},\"headline\":\"PEDRO LUIS COBOS CANO\",\"datePublished\":\"2026-01-06T17:19:54+00:00\",\"dateModified\":\"2026-01-06T17:20:01+00:00\",\"mainEntityOfPage\":{\"@id\":\"https:\\\/\\\/ibima.eu\\\/pedro-luis-cobos-cano\\\/\"},\"wordCount\":303,\"commentCount\":0,\"image\":{\"@id\":\"https:\\\/\\\/ibima.eu\\\/pedro-luis-cobos-cano\\\/#primaryimage\"},\"thumbnailUrl\":\"https:\\\/\\\/ibima.eu\\\/wp-content\\\/uploads\\\/2024\\\/02\\\/CA-10-Pedro-Luis.png\",\"keywords\":[\"ca-10\",\"cognicion casual\",\"IBIMA\",\"UMA\"],\"articleSection\":[\"Investigador Responsable - CA-10\",\"Investigadores\"],\"inLanguage\":\"es\",\"potentialAction\":[{\"@type\":\"CommentAction\",\"name\":\"Comment\",\"target\":[\"https:\\\/\\\/ibima.eu\\\/pedro-luis-cobos-cano\\\/#respond\"]}]},{\"@type\":\"WebPage\",\"@id\":\"https:\\\/\\\/ibima.eu\\\/pedro-luis-cobos-cano\\\/\",\"url\":\"https:\\\/\\\/ibima.eu\\\/pedro-luis-cobos-cano\\\/\",\"name\":\"PEDRO LUIS COBOS CANO - Ibima\",\"isPartOf\":{\"@id\":\"https:\\\/\\\/ibima.eu\\\/es\\\/#website\"},\"primaryImageOfPage\":{\"@id\":\"https:\\\/\\\/ibima.eu\\\/pedro-luis-cobos-cano\\\/#primaryimage\"},\"image\":{\"@id\":\"https:\\\/\\\/ibima.eu\\\/pedro-luis-cobos-cano\\\/#primaryimage\"},\"thumbnailUrl\":\"https:\\\/\\\/ibima.eu\\\/wp-content\\\/uploads\\\/2024\\\/02\\\/CA-10-Pedro-Luis.png\",\"datePublished\":\"2026-01-06T17:19:54+00:00\",\"dateModified\":\"2026-01-06T17:20:01+00:00\",\"author\":{\"@id\":\"https:\\\/\\\/ibima.eu\\\/es\\\/#\\\/schema\\\/person\\\/31b8becdcc53729d5a51d5b3436ce9a5\"},\"description\":\"Pedro Luis Cobos Cano es coinvestigador responsable del grupo de IBIMA Plataforma BIONAND Cognici\u00f3n Casual (CA-10)\",\"breadcrumb\":{\"@id\":\"https:\\\/\\\/ibima.eu\\\/pedro-luis-cobos-cano\\\/#breadcrumb\"},\"inLanguage\":\"es\",\"potentialAction\":[{\"@type\":\"ReadAction\",\"target\":[\"https:\\\/\\\/ibima.eu\\\/pedro-luis-cobos-cano\\\/\"]}]},{\"@type\":\"ImageObject\",\"inLanguage\":\"es\",\"@id\":\"https:\\\/\\\/ibima.eu\\\/pedro-luis-cobos-cano\\\/#primaryimage\",\"url\":\"https:\\\/\\\/ibima.eu\\\/wp-content\\\/uploads\\\/2024\\\/02\\\/CA-10-Pedro-Luis.png\",\"contentUrl\":\"https:\\\/\\\/ibima.eu\\\/wp-content\\\/uploads\\\/2024\\\/02\\\/CA-10-Pedro-Luis.png\",\"width\":2048,\"height\":2048,\"caption\":\"CA-10 Pedro Luis\"},{\"@type\":\"BreadcrumbList\",\"@id\":\"https:\\\/\\\/ibima.eu\\\/pedro-luis-cobos-cano\\\/#breadcrumb\",\"itemListElement\":[{\"@type\":\"ListItem\",\"position\":1,\"name\":\"Portada\",\"item\":\"https:\\\/\\\/ibima.eu\\\/es\\\/\"},{\"@type\":\"ListItem\",\"position\":2,\"name\":\"PEDRO LUIS COBOS CANO\"}]},{\"@type\":\"WebSite\",\"@id\":\"https:\\\/\\\/ibima.eu\\\/es\\\/#website\",\"url\":\"https:\\\/\\\/ibima.eu\\\/es\\\/\",\"name\":\"Ibima\",\"description\":\"\",\"potentialAction\":[{\"@type\":\"SearchAction\",\"target\":{\"@type\":\"EntryPoint\",\"urlTemplate\":\"https:\\\/\\\/ibima.eu\\\/es\\\/?s={search_term_string}\"},\"query-input\":{\"@type\":\"PropertyValueSpecification\",\"valueRequired\":true,\"valueName\":\"search_term_string\"}}],\"inLanguage\":\"es\"},{\"@type\":\"Person\",\"@id\":\"https:\\\/\\\/ibima.eu\\\/es\\\/#\\\/schema\\\/person\\\/31b8becdcc53729d5a51d5b3436ce9a5\",\"name\":\"Divulgaci\u00f3n\",\"image\":{\"@type\":\"ImageObject\",\"inLanguage\":\"es\",\"@id\":\"https:\\\/\\\/secure.gravatar.com\\\/avatar\\\/a96ea83ae1abdc712e138b425847bdc88b61da083b2e05603d5a5305a98cd781?s=96&d=mm&r=g\",\"url\":\"https:\\\/\\\/secure.gravatar.com\\\/avatar\\\/a96ea83ae1abdc712e138b425847bdc88b61da083b2e05603d5a5305a98cd781?s=96&d=mm&r=g\",\"contentUrl\":\"https:\\\/\\\/secure.gravatar.com\\\/avatar\\\/a96ea83ae1abdc712e138b425847bdc88b61da083b2e05603d5a5305a98cd781?s=96&d=mm&r=g\",\"caption\":\"Divulgaci\u00f3n\"},\"url\":\"https:\\\/\\\/ibima.eu\\\/es\\\/author\\\/divulgacioncientifica\\\/\"}]}<\/script>\n<!-- \/ Yoast SEO plugin. -->","yoast_head_json":{"title":"PEDRO LUIS COBOS CANO - Ibima","description":"Pedro Luis Cobos Cano es coinvestigador responsable del grupo de IBIMA Plataforma BIONAND Cognici\u00f3n Casual (CA-10)","robots":{"index":"index","follow":"follow","max-snippet":"max-snippet:-1","max-image-preview":"max-image-preview:large","max-video-preview":"max-video-preview:-1"},"canonical":"https:\/\/ibima.eu\/es\/pedro-luis-cobos-cano\/","og_locale":"es_ES","og_type":"article","og_title":"PEDRO LUIS COBOS CANO - Ibima","og_description":"Pedro Luis Cobos Cano es coinvestigador responsable del grupo de IBIMA Plataforma BIONAND Cognici\u00f3n Casual (CA-10)","og_url":"https:\/\/ibima.eu\/es\/pedro-luis-cobos-cano\/","og_site_name":"Ibima","article_published_time":"2026-01-06T17:19:54+00:00","article_modified_time":"2026-01-06T17:20:01+00:00","og_image":[{"width":1024,"height":1024,"url":"https:\/\/ibima.eu\/wp-content\/uploads\/2024\/02\/CA-10-Pedro-Luis-1024x1024.png","type":"image\/png"}],"author":"Divulgaci\u00f3n","twitter_card":"summary_large_image","twitter_misc":{"Escrito por":"Divulgaci\u00f3n","Tiempo de lectura":"2 minutos"},"schema":{"@context":"https:\/\/schema.org","@graph":[{"@type":"Article","@id":"https:\/\/ibima.eu\/pedro-luis-cobos-cano\/#article","isPartOf":{"@id":"https:\/\/ibima.eu\/pedro-luis-cobos-cano\/"},"author":{"name":"Divulgaci\u00f3n","@id":"https:\/\/ibima.eu\/es\/#\/schema\/person\/31b8becdcc53729d5a51d5b3436ce9a5"},"headline":"PEDRO LUIS COBOS CANO","datePublished":"2026-01-06T17:19:54+00:00","dateModified":"2026-01-06T17:20:01+00:00","mainEntityOfPage":{"@id":"https:\/\/ibima.eu\/pedro-luis-cobos-cano\/"},"wordCount":303,"commentCount":0,"image":{"@id":"https:\/\/ibima.eu\/pedro-luis-cobos-cano\/#primaryimage"},"thumbnailUrl":"https:\/\/ibima.eu\/wp-content\/uploads\/2024\/02\/CA-10-Pedro-Luis.png","keywords":["ca-10","cognicion casual","IBIMA","UMA"],"articleSection":["Investigador Responsable - CA-10","Investigadores"],"inLanguage":"es","potentialAction":[{"@type":"CommentAction","name":"Comment","target":["https:\/\/ibima.eu\/pedro-luis-cobos-cano\/#respond"]}]},{"@type":"WebPage","@id":"https:\/\/ibima.eu\/pedro-luis-cobos-cano\/","url":"https:\/\/ibima.eu\/pedro-luis-cobos-cano\/","name":"PEDRO LUIS COBOS CANO - Ibima","isPartOf":{"@id":"https:\/\/ibima.eu\/es\/#website"},"primaryImageOfPage":{"@id":"https:\/\/ibima.eu\/pedro-luis-cobos-cano\/#primaryimage"},"image":{"@id":"https:\/\/ibima.eu\/pedro-luis-cobos-cano\/#primaryimage"},"thumbnailUrl":"https:\/\/ibima.eu\/wp-content\/uploads\/2024\/02\/CA-10-Pedro-Luis.png","datePublished":"2026-01-06T17:19:54+00:00","dateModified":"2026-01-06T17:20:01+00:00","author":{"@id":"https:\/\/ibima.eu\/es\/#\/schema\/person\/31b8becdcc53729d5a51d5b3436ce9a5"},"description":"Pedro Luis Cobos Cano es coinvestigador responsable del grupo de IBIMA Plataforma BIONAND Cognici\u00f3n Casual (CA-10)","breadcrumb":{"@id":"https:\/\/ibima.eu\/pedro-luis-cobos-cano\/#breadcrumb"},"inLanguage":"es","potentialAction":[{"@type":"ReadAction","target":["https:\/\/ibima.eu\/pedro-luis-cobos-cano\/"]}]},{"@type":"ImageObject","inLanguage":"es","@id":"https:\/\/ibima.eu\/pedro-luis-cobos-cano\/#primaryimage","url":"https:\/\/ibima.eu\/wp-content\/uploads\/2024\/02\/CA-10-Pedro-Luis.png","contentUrl":"https:\/\/ibima.eu\/wp-content\/uploads\/2024\/02\/CA-10-Pedro-Luis.png","width":2048,"height":2048,"caption":"CA-10 Pedro Luis"},{"@type":"BreadcrumbList","@id":"https:\/\/ibima.eu\/pedro-luis-cobos-cano\/#breadcrumb","itemListElement":[{"@type":"ListItem","position":1,"name":"Portada","item":"https:\/\/ibima.eu\/es\/"},{"@type":"ListItem","position":2,"name":"PEDRO LUIS COBOS CANO"}]},{"@type":"WebSite","@id":"https:\/\/ibima.eu\/es\/#website","url":"https:\/\/ibima.eu\/es\/","name":"Ibima","description":"","potentialAction":[{"@type":"SearchAction","target":{"@type":"EntryPoint","urlTemplate":"https:\/\/ibima.eu\/es\/?s={search_term_string}"},"query-input":{"@type":"PropertyValueSpecification","valueRequired":true,"valueName":"search_term_string"}}],"inLanguage":"es"},{"@type":"Person","@id":"https:\/\/ibima.eu\/es\/#\/schema\/person\/31b8becdcc53729d5a51d5b3436ce9a5","name":"Divulgaci\u00f3n","image":{"@type":"ImageObject","inLanguage":"es","@id":"https:\/\/secure.gravatar.com\/avatar\/a96ea83ae1abdc712e138b425847bdc88b61da083b2e05603d5a5305a98cd781?s=96&d=mm&r=g","url":"https:\/\/secure.gravatar.com\/avatar\/a96ea83ae1abdc712e138b425847bdc88b61da083b2e05603d5a5305a98cd781?s=96&d=mm&r=g","contentUrl":"https:\/\/secure.gravatar.com\/avatar\/a96ea83ae1abdc712e138b425847bdc88b61da083b2e05603d5a5305a98cd781?s=96&d=mm&r=g","caption":"Divulgaci\u00f3n"},"url":"https:\/\/ibima.eu\/es\/author\/divulgacioncientifica\/"}]}},"_links":{"self":[{"href":"https:\/\/ibima.eu\/es\/wp-json\/wp\/v2\/posts\/59404","targetHints":{"allow":["GET"]}}],"collection":[{"href":"https:\/\/ibima.eu\/es\/wp-json\/wp\/v2\/posts"}],"about":[{"href":"https:\/\/ibima.eu\/es\/wp-json\/wp\/v2\/types\/post"}],"author":[{"embeddable":true,"href":"https:\/\/ibima.eu\/es\/wp-json\/wp\/v2\/users\/4"}],"replies":[{"embeddable":true,"href":"https:\/\/ibima.eu\/es\/wp-json\/wp\/v2\/comments?post=59404"}],"version-history":[{"count":1,"href":"https:\/\/ibima.eu\/es\/wp-json\/wp\/v2\/posts\/59404\/revisions"}],"predecessor-version":[{"id":59405,"href":"https:\/\/ibima.eu\/es\/wp-json\/wp\/v2\/posts\/59404\/revisions\/59405"}],"wp:featuredmedia":[{"embeddable":true,"href":"https:\/\/ibima.eu\/es\/wp-json\/wp\/v2\/media\/31675"}],"wp:attachment":[{"href":"https:\/\/ibima.eu\/es\/wp-json\/wp\/v2\/media?parent=59404"}],"wp:term":[{"taxonomy":"category","embeddable":true,"href":"https:\/\/ibima.eu\/es\/wp-json\/wp\/v2\/categories?post=59404"},{"taxonomy":"post_tag","embeddable":true,"href":"https:\/\/ibima.eu\/es\/wp-json\/wp\/v2\/tags?post=59404"}],"curies":[{"name":"wp","href":"https:\/\/api.w.org\/{rel}","templated":true}]}}