{"id":60671,"date":"2026-04-28T08:35:39","date_gmt":"2026-04-28T08:35:39","guid":{"rendered":"https:\/\/ibima.eu\/?p=60671"},"modified":"2026-04-28T09:28:33","modified_gmt":"2026-04-28T09:28:33","slug":"investigadores-malaguenos-asocian-la-microbiota-intestinal-con-la-gravedad-del-higado-graso","status":"publish","type":"post","link":"https:\/\/ibima.eu\/es\/investigadores-malaguenos-asocian-la-microbiota-intestinal-con-la-gravedad-del-higado-graso\/","title":{"rendered":"Investigadores malague\u00f1os asocian la microbiota intestinal con la gravedad del h\u00edgado graso"},"content":{"rendered":"\n[et_pb_section fb_built=\u00bb1&#8243; admin_label=\u00bbsection\u00bb _builder_version=\u00bb4.27.4&#8243; custom_margin=\u00bb2px|||||\u00bb custom_padding=\u00bb5px|||||\u00bb collapsed=\u00bboff\u00bb global_colors_info=\u00bb{}\u00bb theme_builder_area=\u00bbpost_content\u00bb][et_pb_row admin_label=\u00bbrow\u00bb _builder_version=\u00bb4.27.5&#8243; background_size=\u00bbinitial\u00bb background_position=\u00bbtop_left\u00bb background_repeat=\u00bbrepeat\u00bb custom_margin=\u00bb|auto|-134px|auto||\u00bb custom_padding=\u00bb|||30px||\u00bb global_colors_info=\u00bb{}\u00bb theme_builder_area=\u00bbpost_content\u00bb][et_pb_column type=\u00bb4_4&#8243; _builder_version=\u00bb4.16&#8243; custom_padding=\u00bb|||\u00bb global_colors_info=\u00bb{}\u00bb custom_padding__hover=\u00bb|||\u00bb theme_builder_area=\u00bbpost_content\u00bb][et_pb_text admin_label=\u00bbText\u00bb _builder_version=\u00bb4.27.5&#8243; background_size=\u00bbinitial\u00bb background_position=\u00bbtop_left\u00bb background_repeat=\u00bbrepeat\u00bb custom_margin=\u00bb-36px|||||\u00bb hover_enabled=\u00bb0&#8243; global_colors_info=\u00bb{}\u00bb theme_builder_area=\u00bbpost_content\u00bb sticky_enabled=\u00bb0&#8243;]<div class=\"noticia-entradilla-wrapper noticia-no-foto\" style=\"text-align: justify;\">\n<article class=\"text-token-text-primary w-full\" dir=\"auto\" data-testid=\"conversation-turn-2\" data-scroll-anchor=\"true\">\n<div class=\"text-base my-auto mx-auto py-5 [--thread-content-margin:--spacing(4)] @[37rem]:[--thread-content-margin:--spacing(6)] @[72rem]:[--thread-content-margin:--spacing(16)] px-(--thread-content-margin)\">\n<div class=\"[--thread-content-max-width:32rem] @[34rem]:[--thread-content-max-width:40rem] @[64rem]:[--thread-content-max-width:48rem] mx-auto flex max-w-(--thread-content-max-width) flex-1 text-base gap-4 md:gap-5 lg:gap-6 group\/turn-messages focus-visible:outline-hidden\" tabindex=\"-1\">\n<div class=\"group\/conversation-turn relative flex w-full min-w-0 flex-col agent-turn\">\n<div class=\"relative flex-col gap-1 md:gap-3\">\n<div class=\"flex max-w-full flex-col grow\">\n<div data-message-author-role=\"assistant\" data-message-id=\"56eb9572-aaa8-44eb-b818-c72cac49e43a\" dir=\"auto\" class=\"min-h-8 text-message relative flex w-full flex-col items-end gap-2 text-start break-words whitespace-normal [.text-message+&amp;]:mt-5\" data-message-model-slug=\"gpt-4o\">\n<div class=\"flex w-full flex-col gap-1 empty:hidden first:pt-[3px]\">\n<div class=\"markdown prose dark:prose-invert w-full break-words light\">\n<p><strong>Un estudio relaciona niveles bajos de butirato con las formas m\u00e1s graves del h\u00edgado graso y refuerza la importancia de la microbiota intestinal <\/strong><\/p>\n<p>Un equipo de investigadores de IBIMA Plataforma BIONAND, pertenecientes al Servicio de Endocrinolog\u00eda del Hospital Regional Universitario y del Hospital Virgen de la Victoria, en colaboraci\u00f3n con la Facultad de Medicina de la Universidad de M\u00e1laga, y con el Instituto Murciano de Investigaci\u00f3n Biosanitaria (IMIB), han publicado un nuevo estudio sobre la relaci\u00f3n entre la microbiota intestinal y la salud del h\u00edgado.<\/p>\n<p>Los autores de este trabajo, que forman parte del CIBER de Diabetes y Enfermedades Metab\u00f3licas Asociadas (CIBERDEM) y del CIBER de Fisiopatolog\u00eda de la Obesidad y Nutrici\u00f3n (CIBEROBN), han analizado el posible papel del butirato -un \u00e1cido graso de cadena corta producido por las bacterias intestinales- en la gravedad de la enfermedad hep\u00e1tica metab\u00f3lica (conocida tambi\u00e9n como h\u00edgado graso).<\/p>\n<p>Los resultados principales del estudio subrayan que las personas con formas m\u00e1s avanzadas de enfermedad hep\u00e1tica metab\u00f3lica tienden a presentar niveles m\u00e1s bajos de butirato en su organismo.<\/p>\n<p><strong>El eje intestino-h\u00edgado: una v\u00eda clave para la salud<\/strong><\/p>\n<p>\u201cLa enfermedad hep\u00e1tica metab\u00f3lica es actualmente la patolog\u00eda cr\u00f3nica del h\u00edgado m\u00e1s frecuente en el mundo, afectando a m\u00e1s del 30% de la poblaci\u00f3n adulta y hasta al 70% de las personas con obesidad o con diabetes tipo 2. Lejos de ser una enfermedad banal, puede progresar desde una simple acumulaci\u00f3n de grasa en el h\u00edgado hasta inflamaci\u00f3n grave, fibrosis e incluso c\u00e1ncer de h\u00edgado\u201d indica Virginia Soria, autora del estudio.<\/p>\n<p>\u201cTras analizar datos de m\u00e1s de 1000 personas hemos encontrado que tener bajos niveles de butirato se asocia con una mayor gravedad de la enfermedad hep\u00e1tica metab\u00f3lica\u201d, asevera Alicia Gonz\u00e1lez, coautora del estudio. \u201cEl butirato es un \u00e1cido graso de cadena corta que tiene numerosos efectos beneficiosos en la salud humana y que se genera cuando nuestras bacterias intestinales fermentan la fibra de los alimentos\u201d.<\/p>\n<p><strong>Hallazgos m\u00e1s destacables del estudio<\/strong><\/p>\n<p>\u201cLas personas con enfermedad hep\u00e1tica metab\u00f3lica presentaron una menor presencia de bacterias intestinales productoras de butirato. Espec\u00edficamente, encontramos una reducci\u00f3n de bacterias como <em>Faecalibacterium prausnitzii<\/em> y del g\u00e9nero <em>Eubacterium<\/em>\u201d, indica Bruno Ramos, investigador del IMIB y coautor del estudio.<\/p>\n<p>Por otra parte, \u201cla reducci\u00f3n en los niveles de butirato y el descenso de estas bacterias beneficiosas, se asociaron a m\u00e1s inflamaci\u00f3n del h\u00edgado y fibrosis, m\u00e1s resistencia a la insulina, mayor sobrepeso y mayores niveles de colesterol y triglic\u00e9ridos, es decir, a un perfil metab\u00f3lico m\u00e1s desfavorable\u201d, aclara Jos\u00e9 Ignacio Mart\u00ednez, otro de los coautores del estudio.<\/p>\n<p><strong>Hacia nuevos tratamientos y diagn\u00f3sticos<\/strong><\/p>\n<p>Los autores son prudentes con estos hallazgos y destacan que los resultados muestran una asociaci\u00f3n, pero no permiten establecer una relaci\u00f3n de causa-efecto.<\/p>\n<p>\u201cEste trabajo abre la puerta a nuevas l\u00edneas de investigaci\u00f3n, ya que la medici\u00f3n de los niveles de butirato y de las bacterias productoras podr\u00eda servir en el futuro como un posible marcador para identificar a las personas con mayor riesgo de complicaciones\u201d, subraya Jos\u00e9 Carlos Fern\u00e1ndez, investigador principal del estudio. \u00abEstos resultados refuerzan la importancia de la microbiota intestinal en nuestra salud, pero necesitamos m\u00e1s estudios para confirmar si aumentar el butirato mediante la dieta o con suplementos podr\u00eda modificar la progresi\u00f3n de la enfermedad hep\u00e1tica metab\u00f3lica\u00bb.<\/p>\n<p>&nbsp;<\/p>\n<p><strong>Referencia bibliogr\u00e1fica: <\/strong>Gonz\u00e1lez-Gonz\u00e1lez A, Soria-Utrilla V, Fontalba-Romero MI, N\u00fa\u00f1ez-S\u00e1nchez M\u00c1, Adarve-Castro A, Queipo-Ortu\u00f1o MI, Ramos-Molina B, Mart\u00ednez-Montoro JI, Fern\u00e1ndez-Garc\u00eda JC. The Role of Butyrate in People with Metabolic Dysfunction-Associated Steatotic Liver Disease and Related Metabolic Comorbidities: A Systematic Review. Curr Obes Rep. 2026 Mar 4;15(1):17. doi: 10.1007\/s13679-026-00694-8. PMID: 41779349; PMCID: PMC12960490. DOI: 10.1007\/s13679-026-00694-8.<\/p>\n<\/div>\n<\/div>\n<\/div>\n<\/div>\n<\/div>\n<\/div>\n<\/div>\n<\/div>\n<\/article>\n<\/div>[\/et_pb_text][\/et_pb_column][\/et_pb_row][\/et_pb_section]\n","protected":false},"excerpt":{"rendered":"<p>Un estudio relaciona niveles bajos de butirato con las formas m\u00e1s graves del h\u00edgado graso y refuerza la importancia de la microbiota intestinal Un equipo de investigadores de IBIMA Plataforma BIONAND, pertenecientes al Servicio de Endocrinolog\u00eda del Hospital Regional Universitario y del Hospital Virgen de la Victoria, en colaboraci\u00f3n con la Facultad de Medicina de [&hellip;]<\/p>\n","protected":false},"author":4,"featured_media":60674,"comment_status":"open","ping_status":"closed","sticky":false,"template":"noticias","format":"standard","meta":{"_acf_changed":false,"_et_pb_use_builder":"on","_et_pb_old_content":"<!-- wp:heading -->\n<h2 class=\"wp-block-heading\"><em>IBIMA Plataforma BIONAND y Plataforma en Nanomedicina se sit\u00faa como uno de los l\u00edderes en el \u00e1mbito nacional en Investigaci\u00f3n Biom\u00e9dica<\/em><\/h2>\n<!-- \/wp:heading -->\n\n<!-- wp:paragraph -->\n<p>El Instituto de Investigaci\u00f3n Biom\u00e9dica de M\u00e1laga y Plataforma en Nanomedicina (IBIMA Plataforma BIONAND) se consolida como uno de los l\u00edderes en el \u00e1mbito nacional en investigaci\u00f3n en salud. M\u00e1laga, por tanto, encabeza las investigaciones biom\u00e9dicas en Espa\u00f1a con el fin de resolver problemas de salud y en el que trabajan 1500 investigadores con dilatada experiencia.<\/p>\n<!-- \/wp:paragraph -->\n\n<!-- wp:paragraph -->\n<p>Al cierre de 2023, IBIMA Plataforma BIONAND ha obtenido una suma total de <strong>30 millones de euros<\/strong> en fondos captados para la investigaci\u00f3n en salud debido a las actividades estrat\u00e9gicas llevadas a cabo durante el a\u00f1o natural. Esto se traduce en un aumento de 6 millones de euros m\u00e1s respecto al a\u00f1o 2022.<\/p>\n<!-- \/wp:paragraph -->\n\n<!-- wp:paragraph -->\n<p>Destaca la concesi\u00f3n de <strong>2,5 millones de euros<\/strong> del Programa FORTALECE. Este proyecto incrementar\u00e1 la actividad de I+D+i y facilitar\u00e1 la transferencia de los resultados logrados a la sociedad en forma de avances en el conocimiento, prevenci\u00f3n, diagn\u00f3stico y tratamiento de las enfermedades en patolog\u00edas relevantes (enfermedades cr\u00f3nicas, cardiovasculares, neurol\u00f3gicas y c\u00e1ncer). Adem\u00e1s, permitir\u00e1 el desarrollo de ciencia de frontera liderada por los seis grupos que lo integran: dos grupos del Hospital Universitario Virgen de la Victoria cuyos investigadores responsables son Francisco J. Tinahones y Ra\u00fal J. Andrade, dos grupos del Hospital Regional Universitario de M\u00e1laga encabezados por Mar\u00eda Jos\u00e9 Torres y por Antonia Mar\u00eda Serrano, y dos grupos de la Universidad de M\u00e1laga liderados por Jos\u00e9 Manuel Jim\u00e9nez y por Melissa Garc\u00eda.<\/p>\n<!-- \/wp:paragraph -->\n\n<!-- wp:paragraph -->\n<p>IBIMA Plataforma BIONAND tambi\u00e9n ha obtenido <strong>900.000 euros <\/strong>por la concesi\u00f3n de las tres plataformas del Instituto de Salud Carlos III (Innovaci\u00f3n, Ensayos Cl\u00ednicos y Biobanco), as\u00ed como el programa CERTERA con un total de <strong>400.000 euros<\/strong>, y los ensayos cl\u00ednicos independientes con <strong>valor de 800.000 euros<\/strong>. Tambi\u00e9n, entre los grandes proyectos, destacan tres en colaboraci\u00f3n p\u00fablico-privada, que re\u00fanen una financiaci\u00f3n conjunta de 3 millones de euros.<\/p>\n<!-- \/wp:paragraph -->\n\n<!-- wp:paragraph -->\n<p>Cabe destacar el posicionamiento de <a href=\"https:\/\/ibima.eu\/investigadores-de-ibima-plataforma-bionand-demuestran-los-efectos-del-dimetil-fumarato-en-el-metabolismo-energetico\/\">IBIMA Plataforma BIONAND <\/a>en el \u00e1mbito internacional, situ\u00e1ndose a la vanguardia de la investigaci\u00f3n biom\u00e9dica de excelencia en Europa. En 2023, este reconocimiento queda avalado con la concesi\u00f3n de uno de los apoyos de mayor reconocimiento cient\u00edfico internacional, ERC Starting. Con un presupuesto de m\u00e1s de 1,4 millones de euros, este Instituto se enfrenta a un gran desaf\u00edo cient\u00edfico en la prevenci\u00f3n y predicci\u00f3n del infarto de miocardio, que supondr\u00e1 un gran avance en la frontera del conocimiento, generando un importante impacto cient\u00edfico con traslaci\u00f3n cl\u00ednica. Adicionalmente, cabe resaltar\u00a0 la atracci\u00f3n de talento internacional con la concesi\u00f3n del Marie Slowdoska Curie en el \u00e1rea de alergia, tres proyectos financiados en el marco del programa EU4Health y otros tres dentro del cl\u00faster salud de Horizonte Europa en colaboraci\u00f3n con la European Clinical Research Infrastructure Network (ECRIN)<a href=\"https:\/\/ecrin.org\/\">.<\/a> IBIMA Plataforma BIONAND cierra este 2023 con tres nuevos proyectos en resoluci\u00f3n provisional de las convocatorias SUDOE, ERA4Health y EU4Health, que generar\u00e1 nuevas colaboraciones y resultados con impacto internacional.<\/p>\n<!-- \/wp:paragraph -->\n\n<!-- wp:paragraph -->\n<p>En este a\u00f1o que finaliza ha sido muy significativo el incremento de ensayos cl\u00ednicos desarrollados en el Instituto. Actualmente el centro participa en 325 ensayos cl\u00ednicos, lo que supone un incremento del <strong>24% respecto al a\u00f1o 2022<\/strong>.<\/p>\n<!-- \/wp:paragraph -->\n\n<!-- wp:paragraph -->\n<p>Asimismo, parte del \u00e9xito de IBIMA Plataforma BIONAND reside en la aportaci\u00f3n activa de la participaci\u00f3n ciudadana. Eventos como el I Torneo de F\u00fatbol 7 HRUM\/IBIMA o la I Carrera Solidaria Contra la Obesidad han sido parte de las acciones llevadas a cabo y donde se han recaudado alrededor de 30.000 euros para fomentar la investigaci\u00f3n biom\u00e9dica.<\/p>\n<!-- \/wp:paragraph -->\n\n<!-- wp:paragraph -->\n<p>Especial importancia para el crecimiento del Instituto ha tenido el acto solidario de Francisco Jes\u00fas Sarmiento, que ha donado, en concepto de herencia, un total de <strong>230.000 euros<\/strong> para el desarrollo de distintas l\u00edneas de investigaci\u00f3n en el Instituto.<\/p>\n<!-- \/wp:paragraph -->\n\n<!-- wp:paragraph -->\n<p>\u201cM\u00e1laga cuenta con un centro de excelencia en Investigaci\u00f3n Biom\u00e9dica. Es IBIMA Plataforma BIONAND, que, en estos \u00faltimos a\u00f1os, ha tenido un crecimiento sostenido en la captaci\u00f3n de recursos, acerc\u00e1ndonos este a\u00f1o a los<strong> 30 millones de euros<\/strong>. Esto supone que IBIMA Plataforma BIONAND se posicione como uno de los Institutos de Investigaci\u00f3n Biom\u00e9dica m\u00e1s relevante de nuestro pa\u00eds\u201d, ha se\u00f1alado Francisco J. Tinahones, director cient\u00edfico del Instituto de Investigaci\u00f3n Biom\u00e9dica de M\u00e1laga y Plataforma en Nanomedicina.<\/p>\n<!-- \/wp:paragraph -->","_et_gb_content_width":"","footnotes":""},"categories":[1981],"tags":[3494,3000,3507,2767,3062,3363,3493,2112],"class_list":["post-60671","post","type-post","status-publish","format-standard","has-post-thumbnail","hentry","category-noticias","tag-butirato","tag-ciberdem","tag-ciberobm","tag-endocrinologia","tag-higado","tag-higado-graso","tag-intestinal","tag-microbiota"],"acf":[],"yoast_head":"<!-- This site is optimized with the Yoast SEO plugin v27.5 - https:\/\/yoast.com\/product\/yoast-seo-wordpress\/ -->\n<title>Investigadores malague\u00f1os asocian la microbiota intestinal con la gravedad del h\u00edgado graso - Ibima<\/title>\n<meta name=\"description\" content=\"Investigadores de IBIMA y la Universidad de M\u00e1laga asocian la microbiota intestinal con la gravedad del h\u00edgado graso\" \/>\n<meta name=\"robots\" content=\"index, follow, max-snippet:-1, max-image-preview:large, max-video-preview:-1\" \/>\n<link rel=\"canonical\" href=\"https:\/\/ibima.eu\/es\/investigadores-malaguenos-asocian-la-microbiota-intestinal-con-la-gravedad-del-higado-graso\/\" \/>\n<meta property=\"og:locale\" content=\"es_ES\" \/>\n<meta property=\"og:type\" content=\"article\" \/>\n<meta property=\"og:title\" content=\"Investigadores malague\u00f1os asocian la microbiota intestinal con la gravedad del h\u00edgado graso - Ibima\" \/>\n<meta property=\"og:description\" content=\"Investigadores de IBIMA y la Universidad de M\u00e1laga asocian la microbiota intestinal con la gravedad del h\u00edgado graso\" \/>\n<meta property=\"og:url\" content=\"https:\/\/ibima.eu\/es\/investigadores-malaguenos-asocian-la-microbiota-intestinal-con-la-gravedad-del-higado-graso\/\" \/>\n<meta property=\"og:site_name\" content=\"Ibima\" \/>\n<meta property=\"article:published_time\" content=\"2026-04-28T08:35:39+00:00\" \/>\n<meta property=\"article:modified_time\" content=\"2026-04-28T09:28:33+00:00\" \/>\n<meta property=\"og:image\" content=\"https:\/\/ibima.eu\/wp-content\/uploads\/2026\/04\/Nota-de-Prensa-Marzo-2026-Butirato-Final.jpeg\" \/>\n\t<meta property=\"og:image:width\" content=\"1718\" \/>\n\t<meta property=\"og:image:height\" content=\"1718\" \/>\n\t<meta property=\"og:image:type\" content=\"image\/jpeg\" \/>\n<meta name=\"author\" content=\"Divulgaci\u00f3n\" \/>\n<meta name=\"twitter:card\" content=\"summary_large_image\" \/>\n<meta name=\"twitter:label1\" content=\"Escrito por\" \/>\n\t<meta name=\"twitter:data1\" content=\"Divulgaci\u00f3n\" \/>\n\t<meta name=\"twitter:label2\" content=\"Tiempo de lectura\" \/>\n\t<meta name=\"twitter:data2\" content=\"3 minutos\" \/>\n<script type=\"application\/ld+json\" class=\"yoast-schema-graph\">{\"@context\":\"https:\\\/\\\/schema.org\",\"@graph\":[{\"@type\":\"Article\",\"@id\":\"https:\\\/\\\/ibima.eu\\\/investigadores-malaguenos-asocian-la-microbiota-intestinal-con-la-gravedad-del-higado-graso\\\/#article\",\"isPartOf\":{\"@id\":\"https:\\\/\\\/ibima.eu\\\/investigadores-malaguenos-asocian-la-microbiota-intestinal-con-la-gravedad-del-higado-graso\\\/\"},\"author\":{\"name\":\"Divulgaci\u00f3n\",\"@id\":\"https:\\\/\\\/ibima.eu\\\/es\\\/#\\\/schema\\\/person\\\/31b8becdcc53729d5a51d5b3436ce9a5\"},\"headline\":\"Investigadores malague\u00f1os asocian la microbiota intestinal con la gravedad del h\u00edgado graso\",\"datePublished\":\"2026-04-28T08:35:39+00:00\",\"dateModified\":\"2026-04-28T09:28:33+00:00\",\"mainEntityOfPage\":{\"@id\":\"https:\\\/\\\/ibima.eu\\\/investigadores-malaguenos-asocian-la-microbiota-intestinal-con-la-gravedad-del-higado-graso\\\/\"},\"wordCount\":803,\"commentCount\":0,\"image\":{\"@id\":\"https:\\\/\\\/ibima.eu\\\/investigadores-malaguenos-asocian-la-microbiota-intestinal-con-la-gravedad-del-higado-graso\\\/#primaryimage\"},\"thumbnailUrl\":\"https:\\\/\\\/ibima.eu\\\/wp-content\\\/uploads\\\/2026\\\/04\\\/Nota-de-Prensa-Marzo-2026-Butirato-Final.jpeg\",\"keywords\":[\"butirato\",\"ciberdem\",\"ciberobm\",\"endocrinologia\",\"higado\",\"higado graso\",\"intestinal\",\"microbiota\"],\"articleSection\":[\"noticias\"],\"inLanguage\":\"es\",\"potentialAction\":[{\"@type\":\"CommentAction\",\"name\":\"Comment\",\"target\":[\"https:\\\/\\\/ibima.eu\\\/investigadores-malaguenos-asocian-la-microbiota-intestinal-con-la-gravedad-del-higado-graso\\\/#respond\"]}]},{\"@type\":\"WebPage\",\"@id\":\"https:\\\/\\\/ibima.eu\\\/investigadores-malaguenos-asocian-la-microbiota-intestinal-con-la-gravedad-del-higado-graso\\\/\",\"url\":\"https:\\\/\\\/ibima.eu\\\/investigadores-malaguenos-asocian-la-microbiota-intestinal-con-la-gravedad-del-higado-graso\\\/\",\"name\":\"Investigadores malague\u00f1os asocian la microbiota intestinal con la gravedad del h\u00edgado graso - Ibima\",\"isPartOf\":{\"@id\":\"https:\\\/\\\/ibima.eu\\\/es\\\/#website\"},\"primaryImageOfPage\":{\"@id\":\"https:\\\/\\\/ibima.eu\\\/investigadores-malaguenos-asocian-la-microbiota-intestinal-con-la-gravedad-del-higado-graso\\\/#primaryimage\"},\"image\":{\"@id\":\"https:\\\/\\\/ibima.eu\\\/investigadores-malaguenos-asocian-la-microbiota-intestinal-con-la-gravedad-del-higado-graso\\\/#primaryimage\"},\"thumbnailUrl\":\"https:\\\/\\\/ibima.eu\\\/wp-content\\\/uploads\\\/2026\\\/04\\\/Nota-de-Prensa-Marzo-2026-Butirato-Final.jpeg\",\"datePublished\":\"2026-04-28T08:35:39+00:00\",\"dateModified\":\"2026-04-28T09:28:33+00:00\",\"author\":{\"@id\":\"https:\\\/\\\/ibima.eu\\\/es\\\/#\\\/schema\\\/person\\\/31b8becdcc53729d5a51d5b3436ce9a5\"},\"description\":\"Investigadores de IBIMA y la Universidad de M\u00e1laga asocian la microbiota intestinal con la gravedad del h\u00edgado graso\",\"breadcrumb\":{\"@id\":\"https:\\\/\\\/ibima.eu\\\/investigadores-malaguenos-asocian-la-microbiota-intestinal-con-la-gravedad-del-higado-graso\\\/#breadcrumb\"},\"inLanguage\":\"es\",\"potentialAction\":[{\"@type\":\"ReadAction\",\"target\":[\"https:\\\/\\\/ibima.eu\\\/investigadores-malaguenos-asocian-la-microbiota-intestinal-con-la-gravedad-del-higado-graso\\\/\"]}]},{\"@type\":\"ImageObject\",\"inLanguage\":\"es\",\"@id\":\"https:\\\/\\\/ibima.eu\\\/investigadores-malaguenos-asocian-la-microbiota-intestinal-con-la-gravedad-del-higado-graso\\\/#primaryimage\",\"url\":\"https:\\\/\\\/ibima.eu\\\/wp-content\\\/uploads\\\/2026\\\/04\\\/Nota-de-Prensa-Marzo-2026-Butirato-Final.jpeg\",\"contentUrl\":\"https:\\\/\\\/ibima.eu\\\/wp-content\\\/uploads\\\/2026\\\/04\\\/Nota-de-Prensa-Marzo-2026-Butirato-Final.jpeg\",\"width\":1718,\"height\":1718,\"caption\":\"Nota de Prensa Marzo 2026 Butirato Final\"},{\"@type\":\"BreadcrumbList\",\"@id\":\"https:\\\/\\\/ibima.eu\\\/investigadores-malaguenos-asocian-la-microbiota-intestinal-con-la-gravedad-del-higado-graso\\\/#breadcrumb\",\"itemListElement\":[{\"@type\":\"ListItem\",\"position\":1,\"name\":\"Portada\",\"item\":\"https:\\\/\\\/ibima.eu\\\/es\\\/\"},{\"@type\":\"ListItem\",\"position\":2,\"name\":\"Investigadores malague\u00f1os asocian la microbiota intestinal con la gravedad del h\u00edgado graso\"}]},{\"@type\":\"WebSite\",\"@id\":\"https:\\\/\\\/ibima.eu\\\/es\\\/#website\",\"url\":\"https:\\\/\\\/ibima.eu\\\/es\\\/\",\"name\":\"Ibima\",\"description\":\"\",\"potentialAction\":[{\"@type\":\"SearchAction\",\"target\":{\"@type\":\"EntryPoint\",\"urlTemplate\":\"https:\\\/\\\/ibima.eu\\\/es\\\/?s={search_term_string}\"},\"query-input\":{\"@type\":\"PropertyValueSpecification\",\"valueRequired\":true,\"valueName\":\"search_term_string\"}}],\"inLanguage\":\"es\"},{\"@type\":\"Person\",\"@id\":\"https:\\\/\\\/ibima.eu\\\/es\\\/#\\\/schema\\\/person\\\/31b8becdcc53729d5a51d5b3436ce9a5\",\"name\":\"Divulgaci\u00f3n\",\"image\":{\"@type\":\"ImageObject\",\"inLanguage\":\"es\",\"@id\":\"https:\\\/\\\/secure.gravatar.com\\\/avatar\\\/a96ea83ae1abdc712e138b425847bdc88b61da083b2e05603d5a5305a98cd781?s=96&d=mm&r=g\",\"url\":\"https:\\\/\\\/secure.gravatar.com\\\/avatar\\\/a96ea83ae1abdc712e138b425847bdc88b61da083b2e05603d5a5305a98cd781?s=96&d=mm&r=g\",\"contentUrl\":\"https:\\\/\\\/secure.gravatar.com\\\/avatar\\\/a96ea83ae1abdc712e138b425847bdc88b61da083b2e05603d5a5305a98cd781?s=96&d=mm&r=g\",\"caption\":\"Divulgaci\u00f3n\"},\"url\":\"https:\\\/\\\/ibima.eu\\\/es\\\/author\\\/divulgacioncientifica\\\/\"}]}<\/script>\n<!-- \/ Yoast SEO plugin. -->","yoast_head_json":{"title":"Investigadores malague\u00f1os asocian la microbiota intestinal con la gravedad del h\u00edgado graso - Ibima","description":"Investigadores de IBIMA y la Universidad de M\u00e1laga asocian la microbiota intestinal con la gravedad del h\u00edgado graso","robots":{"index":"index","follow":"follow","max-snippet":"max-snippet:-1","max-image-preview":"max-image-preview:large","max-video-preview":"max-video-preview:-1"},"canonical":"https:\/\/ibima.eu\/es\/investigadores-malaguenos-asocian-la-microbiota-intestinal-con-la-gravedad-del-higado-graso\/","og_locale":"es_ES","og_type":"article","og_title":"Investigadores malague\u00f1os asocian la microbiota intestinal con la gravedad del h\u00edgado graso - Ibima","og_description":"Investigadores de IBIMA y la Universidad de M\u00e1laga asocian la microbiota intestinal con la gravedad del h\u00edgado graso","og_url":"https:\/\/ibima.eu\/es\/investigadores-malaguenos-asocian-la-microbiota-intestinal-con-la-gravedad-del-higado-graso\/","og_site_name":"Ibima","article_published_time":"2026-04-28T08:35:39+00:00","article_modified_time":"2026-04-28T09:28:33+00:00","og_image":[{"width":1718,"height":1718,"url":"https:\/\/ibima.eu\/wp-content\/uploads\/2026\/04\/Nota-de-Prensa-Marzo-2026-Butirato-Final.jpeg","type":"image\/jpeg"}],"author":"Divulgaci\u00f3n","twitter_card":"summary_large_image","twitter_misc":{"Escrito por":"Divulgaci\u00f3n","Tiempo de lectura":"3 minutos"},"schema":{"@context":"https:\/\/schema.org","@graph":[{"@type":"Article","@id":"https:\/\/ibima.eu\/investigadores-malaguenos-asocian-la-microbiota-intestinal-con-la-gravedad-del-higado-graso\/#article","isPartOf":{"@id":"https:\/\/ibima.eu\/investigadores-malaguenos-asocian-la-microbiota-intestinal-con-la-gravedad-del-higado-graso\/"},"author":{"name":"Divulgaci\u00f3n","@id":"https:\/\/ibima.eu\/es\/#\/schema\/person\/31b8becdcc53729d5a51d5b3436ce9a5"},"headline":"Investigadores malague\u00f1os asocian la microbiota intestinal con la gravedad del h\u00edgado graso","datePublished":"2026-04-28T08:35:39+00:00","dateModified":"2026-04-28T09:28:33+00:00","mainEntityOfPage":{"@id":"https:\/\/ibima.eu\/investigadores-malaguenos-asocian-la-microbiota-intestinal-con-la-gravedad-del-higado-graso\/"},"wordCount":803,"commentCount":0,"image":{"@id":"https:\/\/ibima.eu\/investigadores-malaguenos-asocian-la-microbiota-intestinal-con-la-gravedad-del-higado-graso\/#primaryimage"},"thumbnailUrl":"https:\/\/ibima.eu\/wp-content\/uploads\/2026\/04\/Nota-de-Prensa-Marzo-2026-Butirato-Final.jpeg","keywords":["butirato","ciberdem","ciberobm","endocrinologia","higado","higado graso","intestinal","microbiota"],"articleSection":["noticias"],"inLanguage":"es","potentialAction":[{"@type":"CommentAction","name":"Comment","target":["https:\/\/ibima.eu\/investigadores-malaguenos-asocian-la-microbiota-intestinal-con-la-gravedad-del-higado-graso\/#respond"]}]},{"@type":"WebPage","@id":"https:\/\/ibima.eu\/investigadores-malaguenos-asocian-la-microbiota-intestinal-con-la-gravedad-del-higado-graso\/","url":"https:\/\/ibima.eu\/investigadores-malaguenos-asocian-la-microbiota-intestinal-con-la-gravedad-del-higado-graso\/","name":"Investigadores malague\u00f1os asocian la microbiota intestinal con la gravedad del h\u00edgado graso - Ibima","isPartOf":{"@id":"https:\/\/ibima.eu\/es\/#website"},"primaryImageOfPage":{"@id":"https:\/\/ibima.eu\/investigadores-malaguenos-asocian-la-microbiota-intestinal-con-la-gravedad-del-higado-graso\/#primaryimage"},"image":{"@id":"https:\/\/ibima.eu\/investigadores-malaguenos-asocian-la-microbiota-intestinal-con-la-gravedad-del-higado-graso\/#primaryimage"},"thumbnailUrl":"https:\/\/ibima.eu\/wp-content\/uploads\/2026\/04\/Nota-de-Prensa-Marzo-2026-Butirato-Final.jpeg","datePublished":"2026-04-28T08:35:39+00:00","dateModified":"2026-04-28T09:28:33+00:00","author":{"@id":"https:\/\/ibima.eu\/es\/#\/schema\/person\/31b8becdcc53729d5a51d5b3436ce9a5"},"description":"Investigadores de IBIMA y la Universidad de M\u00e1laga asocian la microbiota intestinal con la gravedad del h\u00edgado graso","breadcrumb":{"@id":"https:\/\/ibima.eu\/investigadores-malaguenos-asocian-la-microbiota-intestinal-con-la-gravedad-del-higado-graso\/#breadcrumb"},"inLanguage":"es","potentialAction":[{"@type":"ReadAction","target":["https:\/\/ibima.eu\/investigadores-malaguenos-asocian-la-microbiota-intestinal-con-la-gravedad-del-higado-graso\/"]}]},{"@type":"ImageObject","inLanguage":"es","@id":"https:\/\/ibima.eu\/investigadores-malaguenos-asocian-la-microbiota-intestinal-con-la-gravedad-del-higado-graso\/#primaryimage","url":"https:\/\/ibima.eu\/wp-content\/uploads\/2026\/04\/Nota-de-Prensa-Marzo-2026-Butirato-Final.jpeg","contentUrl":"https:\/\/ibima.eu\/wp-content\/uploads\/2026\/04\/Nota-de-Prensa-Marzo-2026-Butirato-Final.jpeg","width":1718,"height":1718,"caption":"Nota de Prensa Marzo 2026 Butirato Final"},{"@type":"BreadcrumbList","@id":"https:\/\/ibima.eu\/investigadores-malaguenos-asocian-la-microbiota-intestinal-con-la-gravedad-del-higado-graso\/#breadcrumb","itemListElement":[{"@type":"ListItem","position":1,"name":"Portada","item":"https:\/\/ibima.eu\/es\/"},{"@type":"ListItem","position":2,"name":"Investigadores malague\u00f1os asocian la microbiota intestinal con la gravedad del h\u00edgado graso"}]},{"@type":"WebSite","@id":"https:\/\/ibima.eu\/es\/#website","url":"https:\/\/ibima.eu\/es\/","name":"Ibima","description":"","potentialAction":[{"@type":"SearchAction","target":{"@type":"EntryPoint","urlTemplate":"https:\/\/ibima.eu\/es\/?s={search_term_string}"},"query-input":{"@type":"PropertyValueSpecification","valueRequired":true,"valueName":"search_term_string"}}],"inLanguage":"es"},{"@type":"Person","@id":"https:\/\/ibima.eu\/es\/#\/schema\/person\/31b8becdcc53729d5a51d5b3436ce9a5","name":"Divulgaci\u00f3n","image":{"@type":"ImageObject","inLanguage":"es","@id":"https:\/\/secure.gravatar.com\/avatar\/a96ea83ae1abdc712e138b425847bdc88b61da083b2e05603d5a5305a98cd781?s=96&d=mm&r=g","url":"https:\/\/secure.gravatar.com\/avatar\/a96ea83ae1abdc712e138b425847bdc88b61da083b2e05603d5a5305a98cd781?s=96&d=mm&r=g","contentUrl":"https:\/\/secure.gravatar.com\/avatar\/a96ea83ae1abdc712e138b425847bdc88b61da083b2e05603d5a5305a98cd781?s=96&d=mm&r=g","caption":"Divulgaci\u00f3n"},"url":"https:\/\/ibima.eu\/es\/author\/divulgacioncientifica\/"}]}},"_links":{"self":[{"href":"https:\/\/ibima.eu\/es\/wp-json\/wp\/v2\/posts\/60671","targetHints":{"allow":["GET"]}}],"collection":[{"href":"https:\/\/ibima.eu\/es\/wp-json\/wp\/v2\/posts"}],"about":[{"href":"https:\/\/ibima.eu\/es\/wp-json\/wp\/v2\/types\/post"}],"author":[{"embeddable":true,"href":"https:\/\/ibima.eu\/es\/wp-json\/wp\/v2\/users\/4"}],"replies":[{"embeddable":true,"href":"https:\/\/ibima.eu\/es\/wp-json\/wp\/v2\/comments?post=60671"}],"version-history":[{"count":6,"href":"https:\/\/ibima.eu\/es\/wp-json\/wp\/v2\/posts\/60671\/revisions"}],"predecessor-version":[{"id":60753,"href":"https:\/\/ibima.eu\/es\/wp-json\/wp\/v2\/posts\/60671\/revisions\/60753"}],"wp:featuredmedia":[{"embeddable":true,"href":"https:\/\/ibima.eu\/es\/wp-json\/wp\/v2\/media\/60674"}],"wp:attachment":[{"href":"https:\/\/ibima.eu\/es\/wp-json\/wp\/v2\/media?parent=60671"}],"wp:term":[{"taxonomy":"category","embeddable":true,"href":"https:\/\/ibima.eu\/es\/wp-json\/wp\/v2\/categories?post=60671"},{"taxonomy":"post_tag","embeddable":true,"href":"https:\/\/ibima.eu\/es\/wp-json\/wp\/v2\/tags?post=60671"}],"curies":[{"name":"wp","href":"https:\/\/api.w.org\/{rel}","templated":true}]}}